{"id":20973,"date":"2025-08-06T20:56:45","date_gmt":"2025-08-06T23:56:45","guid":{"rendered":"https:\/\/kriocomics.com.br\/site\/?p=20973"},"modified":"2025-08-06T20:56:45","modified_gmt":"2025-08-06T23:56:45","slug":"adormecida-cem-anos-para-sempre-faz-releitura-perturbadora-do-mito-da-bela-adormecida","status":"publish","type":"post","link":"https:\/\/kriocomics.com.br\/site\/adormecida-cem-anos-para-sempre-faz-releitura-perturbadora-do-mito-da-bela-adormecida\/","title":{"rendered":"Adormecida \u2013 Cem Anos Para Sempre\u201d faz releitura perturbadora do mito da Bela Adormecida"},"content":{"rendered":"<p style=\"text-align: justify;\">Trazer uma nova vis\u00e3o dos contos de fada sempre foi um terreno criativo f\u00e9rtil para os quadrinhos. A artista pl\u00e1stica e escritora <strong>Paula Mastroberti<\/strong> chega para adicionar novas ideias neste campo j\u00e1 t\u00e3o rico. Sua obra, <strong>Adormecida \u2013 Cem Anos Para Sempre<\/strong> foi revelado ao p\u00fablico depois de mais de vinte anos escondido na produ\u00e7\u00e3o particular da autora. Escrito no final dos anos 1980, ela decidiu guardar o material, que foi publicado pela editora 8Inverso em 2012 e reeditado agora pela Hipot\u00e9tica.<\/p>\n<p><img loading=\"lazy\" decoding=\"async\" class=\" wp-image-20974 aligncenter\" src=\"https:\/\/kriocomics.com.br\/site\/wp-content\/uploads\/2025\/08\/Adormecida-\u2013-Cem-Anos-Para-Sempre-1.jpg\" alt=\"\" width=\"489\" height=\"313\" srcset=\"https:\/\/kriocomics.com.br\/site\/wp-content\/uploads\/2025\/08\/Adormecida-\u2013-Cem-Anos-Para-Sempre-1.jpg 640w, https:\/\/kriocomics.com.br\/site\/wp-content\/uploads\/2025\/08\/Adormecida-\u2013-Cem-Anos-Para-Sempre-1-300x192.jpg 300w, https:\/\/kriocomics.com.br\/site\/wp-content\/uploads\/2025\/08\/Adormecida-\u2013-Cem-Anos-Para-Sempre-1-600x383.jpg 600w\" sizes=\"auto, (max-width: 489px) 100vw, 489px\" \/><\/p>\n<p style=\"text-align: justify;\">A HQ remete aos \u00e1lbuns das HQs europeias, tanto pelo formato do livro quanto pela narrativa, privilegiando os cen\u00e1rios, mostrados quase sempre pain\u00e9is de p\u00e1gina inteira. Tem n\u00edtida influ\u00eancia de Moebius e outros autores de fic\u00e7\u00e3o-cient\u00edfica e fantasia presentes na revista Heavy Metal\/Metal Hurlant. Seu trabalho ainda remete aos luxuosos \u00e1lbuns infantis de contos de fada, voltado para crian\u00e7as e muito famosos nos anos 1980. \u00c9 um trabalho que requer um tempo maior tamb\u00e9m para contempla\u00e7\u00e3o.<\/p>\n<p style=\"text-align: justify;\">Sem pressa, Paula conta a hist\u00f3ria de um pr\u00edncipe aventureiro que ap\u00f3s se perder no deserto encontra um misterioso castelo em ru\u00ednas, onde decide passar a noite. Ele ent\u00e3o se v\u00ea envolvido em uma hist\u00f3ria que envolve uma maldi\u00e7\u00e3o muito antiga e uma bela princesa adormecida.<\/p>\n<p><img loading=\"lazy\" decoding=\"async\" class=\"wp-image-20975 aligncenter\" src=\"https:\/\/kriocomics.com.br\/site\/wp-content\/uploads\/2025\/08\/Adormecida-\u2013-Cem-Anos-Para-Sempre-3.jpg\" alt=\"\" width=\"478\" height=\"304\" srcset=\"https:\/\/kriocomics.com.br\/site\/wp-content\/uploads\/2025\/08\/Adormecida-\u2013-Cem-Anos-Para-Sempre-3.jpg 640w, https:\/\/kriocomics.com.br\/site\/wp-content\/uploads\/2025\/08\/Adormecida-\u2013-Cem-Anos-Para-Sempre-3-300x191.jpg 300w, https:\/\/kriocomics.com.br\/site\/wp-content\/uploads\/2025\/08\/Adormecida-\u2013-Cem-Anos-Para-Sempre-3-600x382.jpg 600w\" sizes=\"auto, (max-width: 478px) 100vw, 478px\" \/><\/p>\n<p style=\"text-align: justify;\">Essa releitura da Bela Adormecida brinca com a velha dicotomia do bem e do mal presente no conto, mas adiciona um tom mais perturbador, temperado com momentos de tens\u00e3o e alguma sensualidade. H\u00e1 um tom de perigo palp\u00e1vel e constante, que \u00e9 entrecortado pelo tom po\u00e9tico das palavras amaldi\u00e7oadas da feiticeira.<\/p>\n<p style=\"text-align: justify;\">Estudiosa da influ\u00eancia dos contos de fadas, Paula conseguiu imprimir a sua pr\u00f3pria interpreta\u00e7\u00e3o desse mito, com destaque para o desfecho.<\/p>\n<p><img loading=\"lazy\" decoding=\"async\" class=\" wp-image-20976 aligncenter\" src=\"https:\/\/kriocomics.com.br\/site\/wp-content\/uploads\/2025\/08\/Adormecida-\u2013-Cem-Anos-Para-Sempre.jpg\" alt=\"\" width=\"486\" height=\"312\" srcset=\"https:\/\/kriocomics.com.br\/site\/wp-content\/uploads\/2025\/08\/Adormecida-\u2013-Cem-Anos-Para-Sempre.jpg 640w, https:\/\/kriocomics.com.br\/site\/wp-content\/uploads\/2025\/08\/Adormecida-\u2013-Cem-Anos-Para-Sempre-300x192.jpg 300w, https:\/\/kriocomics.com.br\/site\/wp-content\/uploads\/2025\/08\/Adormecida-\u2013-Cem-Anos-Para-Sempre-600x384.jpg 600w\" sizes=\"auto, (max-width: 486px) 100vw, 486px\" \/><\/p>\n<p style=\"text-align: justify;\">A edi\u00e7\u00e3o da Hipot\u00e9tica est\u00e1 bem caprichada, com papel couch\u00e9 que traz ainda mais contraste para as bel\u00edssimas pranchas pintadas \u00e0 m\u00e3o, al\u00e9m de trazer um novo pref\u00e1cio e um texto da pesquisadora Maria Clara Carneiro, que contextualizam a HQ. Publicada 22 anos depois de ser feita, e reeditada agora, Adormecida revela ao p\u00fablico uma autora interessada em recuperar o tom sombrio e aprofundado dos contos de fadas, que ainda hoje fascinam e assustam.<\/p>\n<p><em>Por: Paulo Floro<\/em><br \/>\n<em>Fonte:\u00a0<span style=\"color: #000080;\"><strong><a style=\"color: #000080;\" href=\"https:\/\/revistaogrito.com\/\" target=\"_blank\" rel=\"noopener\">Revista O Grito<\/a><\/strong><\/span><\/em><\/p>\n","protected":false},"excerpt":{"rendered":"<p>Trazer uma nova vis\u00e3o dos contos de fada sempre foi um terreno criativo f\u00e9rtil para os quadrinhos. A artista pl\u00e1stica<\/p>\n","protected":false},"author":2,"featured_media":20977,"comment_status":"open","ping_status":"closed","sticky":false,"template":"","format":"standard","meta":{"sfsi_plus_gutenberg_text_before_share":"","sfsi_plus_gutenberg_show_text_before_share":"","sfsi_plus_gutenberg_icon_type":"","sfsi_plus_gutenberg_icon_alignemt":"","sfsi_plus_gutenburg_max_per_row":"","footnotes":""},"categories":[5],"tags":[7731,7730],"class_list":["post-20973","post","type-post","status-publish","format-standard","has-post-thumbnail","hentry","category-noticias","tag-adormecida-cem-anos-para-sempre","tag-paula-mastroberti"],"_links":{"self":[{"href":"https:\/\/kriocomics.com.br\/site\/wp-json\/wp\/v2\/posts\/20973","targetHints":{"allow":["GET"]}}],"collection":[{"href":"https:\/\/kriocomics.com.br\/site\/wp-json\/wp\/v2\/posts"}],"about":[{"href":"https:\/\/kriocomics.com.br\/site\/wp-json\/wp\/v2\/types\/post"}],"author":[{"embeddable":true,"href":"https:\/\/kriocomics.com.br\/site\/wp-json\/wp\/v2\/users\/2"}],"replies":[{"embeddable":true,"href":"https:\/\/kriocomics.com.br\/site\/wp-json\/wp\/v2\/comments?post=20973"}],"version-history":[{"count":1,"href":"https:\/\/kriocomics.com.br\/site\/wp-json\/wp\/v2\/posts\/20973\/revisions"}],"predecessor-version":[{"id":20978,"href":"https:\/\/kriocomics.com.br\/site\/wp-json\/wp\/v2\/posts\/20973\/revisions\/20978"}],"wp:featuredmedia":[{"embeddable":true,"href":"https:\/\/kriocomics.com.br\/site\/wp-json\/wp\/v2\/media\/20977"}],"wp:attachment":[{"href":"https:\/\/kriocomics.com.br\/site\/wp-json\/wp\/v2\/media?parent=20973"}],"wp:term":[{"taxonomy":"category","embeddable":true,"href":"https:\/\/kriocomics.com.br\/site\/wp-json\/wp\/v2\/categories?post=20973"},{"taxonomy":"post_tag","embeddable":true,"href":"https:\/\/kriocomics.com.br\/site\/wp-json\/wp\/v2\/tags?post=20973"}],"curies":[{"name":"wp","href":"https:\/\/api.w.org\/{rel}","templated":true}]}}