{"id":21001,"date":"2025-08-15T02:14:27","date_gmt":"2025-08-15T05:14:27","guid":{"rendered":"https:\/\/kriocomics.com.br\/site\/?p=21001"},"modified":"2025-08-15T02:34:17","modified_gmt":"2025-08-15T05:34:17","slug":"conheca-o-fanzine-filosofico-do-professor-alberto-neves","status":"publish","type":"post","link":"https:\/\/kriocomics.com.br\/site\/conheca-o-fanzine-filosofico-do-professor-alberto-neves\/","title":{"rendered":"Conhe\u00e7a o Fanzine Filos\u00f3fico do professor Alberto Neves"},"content":{"rendered":"<div>\n<p><img loading=\"lazy\" decoding=\"async\" class=\"wp-image-21003 aligncenter\" src=\"https:\/\/kriocomics.com.br\/site\/wp-content\/uploads\/2025\/08\/Alberto-Neves-1.jpg\" alt=\"\" width=\"258\" height=\"321\" srcset=\"https:\/\/kriocomics.com.br\/site\/wp-content\/uploads\/2025\/08\/Alberto-Neves-1.jpg 402w, https:\/\/kriocomics.com.br\/site\/wp-content\/uploads\/2025\/08\/Alberto-Neves-1-241x300.jpg 241w\" sizes=\"auto, (max-width: 258px) 100vw, 258px\" \/><\/p>\n<p style=\"text-align: justify;\">J\u00e1 ouviu falar de Fanzine de Filosofia com dicas de Her\u00e1clito, Hip\u00f3crates e Nietzsche? Esta \u00e9 a proposta do <strong>Professor Alberto Neves<\/strong> quando teve a inspira\u00e7\u00e3o para criar o <strong>\u201cZine Filos\u00f3fico\u201d<\/strong>, que une Filosofia e Arte.<\/p>\n<p><img loading=\"lazy\" decoding=\"async\" class=\"alignnone wp-image-21004\" src=\"https:\/\/kriocomics.com.br\/site\/wp-content\/uploads\/2025\/08\/Zine-Penso-Logo-Existo-1.jpg\" alt=\"\" width=\"301\" height=\"431\" srcset=\"https:\/\/kriocomics.com.br\/site\/wp-content\/uploads\/2025\/08\/Zine-Penso-Logo-Existo-1.jpg 349w, https:\/\/kriocomics.com.br\/site\/wp-content\/uploads\/2025\/08\/Zine-Penso-Logo-Existo-1-209x300.jpg 209w\" sizes=\"auto, (max-width: 301px) 100vw, 301px\" \/> <img loading=\"lazy\" decoding=\"async\" class=\"alignnone wp-image-21006\" src=\"https:\/\/kriocomics.com.br\/site\/wp-content\/uploads\/2025\/08\/Zine-Penso-Logo-Existo-3.jpg\" alt=\"\" width=\"300\" height=\"425\" srcset=\"https:\/\/kriocomics.com.br\/site\/wp-content\/uploads\/2025\/08\/Zine-Penso-Logo-Existo-3.jpg 353w, https:\/\/kriocomics.com.br\/site\/wp-content\/uploads\/2025\/08\/Zine-Penso-Logo-Existo-3-212x300.jpg 212w\" sizes=\"auto, (max-width: 300px) 100vw, 300px\" \/><\/p>\n<\/div>\n<div><\/div>\n<div style=\"text-align: justify;\">O <strong>Fanzine Penso Logo Existo<\/strong> \u00e9 um zine filos\u00f3fico com quatro edi\u00e7\u00f5es: A primeira edi\u00e7\u00e3o traz dicas filos\u00f3ficas para o bem viver. A segunda edi\u00e7\u00e3o \u00e9 sobre o conceito de necropol\u00edtica e o governo Bolsonaro. A terceira edi\u00e7\u00e3o traz dicas do estoicismo para o bem viver. E a quarta edi\u00e7\u00e3o tamb\u00e9m traz dicas filos\u00f3ficas para o bem viver.<\/div>\n<div><\/div>\n<div><\/div>\n<div><img loading=\"lazy\" decoding=\"async\" class=\"alignnone wp-image-21005\" src=\"https:\/\/kriocomics.com.br\/site\/wp-content\/uploads\/2025\/08\/Zine-Penso-Logo-Existo-2.jpg\" alt=\"\" width=\"300\" height=\"442\" srcset=\"https:\/\/kriocomics.com.br\/site\/wp-content\/uploads\/2025\/08\/Zine-Penso-Logo-Existo-2.jpg 339w, https:\/\/kriocomics.com.br\/site\/wp-content\/uploads\/2025\/08\/Zine-Penso-Logo-Existo-2-203x300.jpg 203w\" sizes=\"auto, (max-width: 300px) 100vw, 300px\" \/> <img loading=\"lazy\" decoding=\"async\" class=\"alignnone wp-image-21007\" src=\"https:\/\/kriocomics.com.br\/site\/wp-content\/uploads\/2025\/08\/Zine-Penso-Logo-Existo-4.jpg\" alt=\"\" width=\"316\" height=\"438\" srcset=\"https:\/\/kriocomics.com.br\/site\/wp-content\/uploads\/2025\/08\/Zine-Penso-Logo-Existo-4.jpg 361w, https:\/\/kriocomics.com.br\/site\/wp-content\/uploads\/2025\/08\/Zine-Penso-Logo-Existo-4-217x300.jpg 217w\" sizes=\"auto, (max-width: 316px) 100vw, 316px\" \/><\/div>\n<div><\/div>\n<div><\/div>\n<div>Alberto \u00e9 autor de outro Fanzine, o <strong>Zine Racional<\/strong>, um zine baseado no livro Universo em Desencanto, um livro sobre Deus, a Natureza e o ser humano.<\/div>\n<div><\/div>\n<div><img loading=\"lazy\" decoding=\"async\" class=\"alignnone wp-image-21008\" src=\"https:\/\/kriocomics.com.br\/site\/wp-content\/uploads\/2025\/08\/Zine-Penso-Logo-Existo-6.jpg\" alt=\"\" width=\"316\" height=\"411\" srcset=\"https:\/\/kriocomics.com.br\/site\/wp-content\/uploads\/2025\/08\/Zine-Penso-Logo-Existo-6.jpg 384w, https:\/\/kriocomics.com.br\/site\/wp-content\/uploads\/2025\/08\/Zine-Penso-Logo-Existo-6-230x300.jpg 230w\" sizes=\"auto, (max-width: 316px) 100vw, 316px\" \/> <img loading=\"lazy\" decoding=\"async\" class=\"alignnone wp-image-21010\" src=\"https:\/\/kriocomics.com.br\/site\/wp-content\/uploads\/2025\/08\/Zine-Penso-Logo-Existo-7.jpg\" alt=\"\" width=\"275\" height=\"436\" srcset=\"https:\/\/kriocomics.com.br\/site\/wp-content\/uploads\/2025\/08\/Zine-Penso-Logo-Existo-7.jpg 316w, https:\/\/kriocomics.com.br\/site\/wp-content\/uploads\/2025\/08\/Zine-Penso-Logo-Existo-7-190x300.jpg 190w\" sizes=\"auto, (max-width: 275px) 100vw, 275px\" \/><\/div>\n<div><\/div>\n<div>Seu professor de ingl\u00eas fez a tradu\u00e7\u00e3o da primeira edi\u00e7\u00e3o do <strong>Zine Penso Logo Existo<\/strong> e da primeira e \u00fanica edi\u00e7\u00e3o do <strong>Zine Racional<\/strong>, com isso, <strong>Alberto Neves<\/strong> consegue trocar zines com entusiastas dos Fanzines pelo mundo afora.<\/div>\n<div><\/div>\n<div><img loading=\"lazy\" decoding=\"async\" class=\" wp-image-21009 alignleft\" src=\"https:\/\/kriocomics.com.br\/site\/wp-content\/uploads\/2025\/08\/Zine-Penso-Logo-Existo.jpg\" alt=\"\" width=\"269\" height=\"394\" srcset=\"https:\/\/kriocomics.com.br\/site\/wp-content\/uploads\/2025\/08\/Zine-Penso-Logo-Existo.jpg 341w, https:\/\/kriocomics.com.br\/site\/wp-content\/uploads\/2025\/08\/Zine-Penso-Logo-Existo-205x300.jpg 205w\" sizes=\"auto, (max-width: 269px) 100vw, 269px\" \/><\/div>\n<div><img loading=\"lazy\" decoding=\"async\" class=\"alignnone wp-image-21013\" src=\"https:\/\/kriocomics.com.br\/site\/wp-content\/uploads\/2025\/08\/Zine-Penso-Logo-Existo-9.jpg\" alt=\"\" width=\"284\" height=\"199\" srcset=\"https:\/\/kriocomics.com.br\/site\/wp-content\/uploads\/2025\/08\/Zine-Penso-Logo-Existo-9.jpg 600w, https:\/\/kriocomics.com.br\/site\/wp-content\/uploads\/2025\/08\/Zine-Penso-Logo-Existo-9-300x211.jpg 300w, https:\/\/kriocomics.com.br\/site\/wp-content\/uploads\/2025\/08\/Zine-Penso-Logo-Existo-9-130x90.jpg 130w\" sizes=\"auto, (max-width: 284px) 100vw, 284px\" \/><\/div>\n<div><img loading=\"lazy\" decoding=\"async\" class=\"alignnone wp-image-21012\" src=\"https:\/\/kriocomics.com.br\/site\/wp-content\/uploads\/2025\/08\/Zine-Penso-Logo-Existo-8.jpg\" alt=\"\" width=\"267\" height=\"194\" srcset=\"https:\/\/kriocomics.com.br\/site\/wp-content\/uploads\/2025\/08\/Zine-Penso-Logo-Existo-8.jpg 600w, https:\/\/kriocomics.com.br\/site\/wp-content\/uploads\/2025\/08\/Zine-Penso-Logo-Existo-8-300x218.jpg 300w\" sizes=\"auto, (max-width: 267px) 100vw, 267px\" \/><\/div>\n<div style=\"text-align: left;\"><\/div>\n<div><\/div>\n<div><img loading=\"lazy\" decoding=\"async\" class=\" wp-image-21011 aligncenter\" src=\"https:\/\/kriocomics.com.br\/site\/wp-content\/uploads\/2025\/08\/Zine-Penso-Logo-Existo-5.jpg\" alt=\"\" width=\"527\" height=\"333\" srcset=\"https:\/\/kriocomics.com.br\/site\/wp-content\/uploads\/2025\/08\/Zine-Penso-Logo-Existo-5.jpg 600w, https:\/\/kriocomics.com.br\/site\/wp-content\/uploads\/2025\/08\/Zine-Penso-Logo-Existo-5-300x190.jpg 300w\" sizes=\"auto, (max-width: 527px) 100vw, 527px\" \/><\/div>\n<div><\/div>\n<div style=\"text-align: justify;\">Um dos seus objetivos \u00e9 montar uma Biblioteca de Fanzines e publica\u00e7\u00f5es independentes.<\/div>\n<div style=\"text-align: justify;\">Para melhor conhecer e adquirir o trabalho do autor de Fanzines <strong>Alberto Neves<\/strong> acesse <span style=\"color: #000080;\"><strong><a style=\"color: #000080;\" href=\"https:\/\/www.instagram.com\/oalbertoneves\/\" target=\"_blank\" rel=\"noopener\">@oalbertoneves<\/a><\/strong><\/span><\/div>\n<div>\n<div style=\"text-align: justify;\">no Instagram.<\/div>\n<div><\/div>\n<\/div>\n<div><\/div>\n<div><\/div>\n<div><em>Da Reda\u00e7\u00e3o<\/em><\/div>\n","protected":false},"excerpt":{"rendered":"<p>J\u00e1 ouviu falar de Fanzine de Filosofia com dicas de Her\u00e1clito, Hip\u00f3crates e Nietzsche? Esta \u00e9 a proposta do Professor<\/p>\n","protected":false},"author":2,"featured_media":21002,"comment_status":"open","ping_status":"closed","sticky":false,"template":"","format":"standard","meta":{"sfsi_plus_gutenberg_text_before_share":"","sfsi_plus_gutenberg_show_text_before_share":"","sfsi_plus_gutenberg_icon_type":"","sfsi_plus_gutenberg_icon_alignemt":"","sfsi_plus_gutenburg_max_per_row":"","footnotes":""},"categories":[5],"tags":[7742,7741,7743],"class_list":["post-21001","post","type-post","status-publish","format-standard","has-post-thumbnail","hentry","category-noticias","tag-alberto-neves","tag-zine-penso-logo-existo","tag-zine-racional"],"_links":{"self":[{"href":"https:\/\/kriocomics.com.br\/site\/wp-json\/wp\/v2\/posts\/21001","targetHints":{"allow":["GET"]}}],"collection":[{"href":"https:\/\/kriocomics.com.br\/site\/wp-json\/wp\/v2\/posts"}],"about":[{"href":"https:\/\/kriocomics.com.br\/site\/wp-json\/wp\/v2\/types\/post"}],"author":[{"embeddable":true,"href":"https:\/\/kriocomics.com.br\/site\/wp-json\/wp\/v2\/users\/2"}],"replies":[{"embeddable":true,"href":"https:\/\/kriocomics.com.br\/site\/wp-json\/wp\/v2\/comments?post=21001"}],"version-history":[{"count":19,"href":"https:\/\/kriocomics.com.br\/site\/wp-json\/wp\/v2\/posts\/21001\/revisions"}],"predecessor-version":[{"id":21032,"href":"https:\/\/kriocomics.com.br\/site\/wp-json\/wp\/v2\/posts\/21001\/revisions\/21032"}],"wp:featuredmedia":[{"embeddable":true,"href":"https:\/\/kriocomics.com.br\/site\/wp-json\/wp\/v2\/media\/21002"}],"wp:attachment":[{"href":"https:\/\/kriocomics.com.br\/site\/wp-json\/wp\/v2\/media?parent=21001"}],"wp:term":[{"taxonomy":"category","embeddable":true,"href":"https:\/\/kriocomics.com.br\/site\/wp-json\/wp\/v2\/categories?post=21001"},{"taxonomy":"post_tag","embeddable":true,"href":"https:\/\/kriocomics.com.br\/site\/wp-json\/wp\/v2\/tags?post=21001"}],"curies":[{"name":"wp","href":"https:\/\/api.w.org\/{rel}","templated":true}]}}