{"id":21077,"date":"2025-09-14T22:54:46","date_gmt":"2025-09-15T01:54:46","guid":{"rendered":"https:\/\/kriocomics.com.br\/site\/?p=21077"},"modified":"2025-09-22T21:19:19","modified_gmt":"2025-09-23T00:19:19","slug":"imagens-de-quadrinhos-nacionais-como-temas-geradores-freirianos-para-a-eja","status":"publish","type":"post","link":"https:\/\/kriocomics.com.br\/site\/imagens-de-quadrinhos-nacionais-como-temas-geradores-freirianos-para-a-eja\/","title":{"rendered":"Imagens de quadrinhos nacionais como temas geradores freirianos para a EJA"},"content":{"rendered":"<p style=\"text-align: justify;\">No pr\u00f3ximo dia 20 de setembro (s\u00e1bado), \u00e0s 15h30, a <strong>Gibiteca Bal\u00e3o<\/strong> recebe o educador popular e agitador cultural <strong>Sandro Merg Vaz<\/strong> para a palestra <strong>\u201cImagens de quadrinhos nacionais como temas geradores freirianos para a EJA\u201d<\/strong>.<\/p>\n<p>Inspirada na epistemologia de Paulo Freire, a atividade mostra como os quadrinhos nacionais independentes podem ser usados como ferramenta pedag\u00f3gica para despertar consci\u00eancia cr\u00edtica, apoiar pr\u00e1ticas de sala de aula e fortalecer a Educa\u00e7\u00e3o Popular.<\/p>\n<p>P\u00fablico-alvo: estudantes de licenciatura, professores, educadores populares, especialistas em EJA e todas as pessoas que se interessam por quadrinhos e educa\u00e7\u00e3o.<\/p>\n<p><strong>Pr\u00e9-requisito:<\/strong> conhecimento b\u00e1sico de HQs<\/p>\n<p>A oficina ter\u00e1 de suas a tr\u00eas horas de dura\u00e7\u00e3o, com certificado para participantes.<\/p>\n<p>Quem \u00e9 <span style=\"color: #000080;\"><strong><a class=\"x1i10hfl xjbqb8w x1ejq31n x18oe1m7 x1sy0etr xstzfhl x972fbf x10w94by x1qhh985 x14e42zd x9f619 x1ypdohk xt0psk2 x3ct3a4 xdj266r x14z9mp xat24cr x1lziwak xexx8yu xyri2b x18d9i69 x1c1uobl x16tdsg8 x1hl2dhg xggy1nq x1a2a7pz notranslate _a6hd\" style=\"color: #000080;\" tabindex=\"0\" role=\"link\" href=\"https:\/\/www.instagram.com\/sandromergvaz71\/\" target=\"_blank\" rel=\"noopener\">@sandromergvaz71<\/a><\/strong><\/span> : Pedagogo, educador popular, apoiador dos quadrinhos nacionais e criador do <strong><span style=\"color: #000080;\"><a class=\"x1i10hfl xjbqb8w x1ejq31n x18oe1m7 x1sy0etr xstzfhl x972fbf x10w94by x1qhh985 x14e42zd x9f619 x1ypdohk xt0psk2 x3ct3a4 xdj266r x14z9mp xat24cr x1lziwak xexx8yu xyri2b x18d9i69 x1c1uobl x16tdsg8 x1hl2dhg xggy1nq x1a2a7pz notranslate _a6hd\" style=\"color: #000080;\" tabindex=\"0\" role=\"link\" href=\"https:\/\/www.instagram.com\/educahq\/\" target=\"_blank\" rel=\"noopener\">@educahq<\/a><\/span><\/strong> e da <strong><span style=\"color: #000080;\"><a class=\"x1i10hfl xjbqb8w x1ejq31n x18oe1m7 x1sy0etr xstzfhl x972fbf x10w94by x1qhh985 x14e42zd x9f619 x1ypdohk xt0psk2 x3ct3a4 xdj266r x14z9mp xat24cr x1lziwak xexx8yu xyri2b x18d9i69 x1c1uobl x16tdsg8 x1hl2dhg xggy1nq x1a2a7pz notranslate _a6hd\" style=\"color: #000080;\" tabindex=\"0\" role=\"link\" href=\"https:\/\/www.instagram.com\/butantagibicon\/\" target=\"_blank\" rel=\"noopener\">@butantagibicon<\/a><\/span><\/strong> &#8211; coletivos que somam mais de dez realiza\u00e7\u00f5es de eventos de quadrinhos, com reconhecimento em pr\u00eamios como HQMix e \u00c2ngelo D\u2019Agostini.<\/p>\n<p><strong>Local:<\/strong> <strong>Okupa\u00e7\u00e3o Cultural Coragem<\/strong><br \/>\nR. Vicente Avelar, 31, Cohab 2 \u2013 S\u00e3o Paulo, 10 min. da Esta\u00e7\u00e3o Jos\u00e9 Bonif\u00e1cio, Linha 11 Coral, da CPTM<\/p>\n<p>Atividade gratuita<\/p>\n<p>Venha fortalecer a troca de saberes e, juntes, pensarmos como os quadrinhos podem transformar a educa\u00e7\u00e3o!<\/p>\n<p><em>Da Reda\u00e7\u00e3o<\/em><\/p>\n","protected":false},"excerpt":{"rendered":"<p>No pr\u00f3ximo dia 20 de setembro (s\u00e1bado), \u00e0s 15h30, a Gibiteca Bal\u00e3o recebe o educador popular e agitador cultural Sandro<\/p>\n","protected":false},"author":2,"featured_media":21078,"comment_status":"open","ping_status":"closed","sticky":false,"template":"","format":"standard","meta":{"sfsi_plus_gutenberg_text_before_share":"","sfsi_plus_gutenberg_show_text_before_share":"","sfsi_plus_gutenberg_icon_type":"","sfsi_plus_gutenberg_icon_alignemt":"","sfsi_plus_gutenburg_max_per_row":"","footnotes":""},"categories":[15],"tags":[7478,7582,7750],"class_list":["post-21077","post","type-post","status-publish","format-standard","has-post-thumbnail","hentry","category-eventos","tag-gibiteca-balao","tag-okupacao-cultural-coragem","tag-sandro-merg-vaz"],"_links":{"self":[{"href":"https:\/\/kriocomics.com.br\/site\/wp-json\/wp\/v2\/posts\/21077","targetHints":{"allow":["GET"]}}],"collection":[{"href":"https:\/\/kriocomics.com.br\/site\/wp-json\/wp\/v2\/posts"}],"about":[{"href":"https:\/\/kriocomics.com.br\/site\/wp-json\/wp\/v2\/types\/post"}],"author":[{"embeddable":true,"href":"https:\/\/kriocomics.com.br\/site\/wp-json\/wp\/v2\/users\/2"}],"replies":[{"embeddable":true,"href":"https:\/\/kriocomics.com.br\/site\/wp-json\/wp\/v2\/comments?post=21077"}],"version-history":[{"count":3,"href":"https:\/\/kriocomics.com.br\/site\/wp-json\/wp\/v2\/posts\/21077\/revisions"}],"predecessor-version":[{"id":21108,"href":"https:\/\/kriocomics.com.br\/site\/wp-json\/wp\/v2\/posts\/21077\/revisions\/21108"}],"wp:featuredmedia":[{"embeddable":true,"href":"https:\/\/kriocomics.com.br\/site\/wp-json\/wp\/v2\/media\/21078"}],"wp:attachment":[{"href":"https:\/\/kriocomics.com.br\/site\/wp-json\/wp\/v2\/media?parent=21077"}],"wp:term":[{"taxonomy":"category","embeddable":true,"href":"https:\/\/kriocomics.com.br\/site\/wp-json\/wp\/v2\/categories?post=21077"},{"taxonomy":"post_tag","embeddable":true,"href":"https:\/\/kriocomics.com.br\/site\/wp-json\/wp\/v2\/tags?post=21077"}],"curies":[{"name":"wp","href":"https:\/\/api.w.org\/{rel}","templated":true}]}}