{"id":21191,"date":"2025-10-10T01:25:18","date_gmt":"2025-10-10T04:25:18","guid":{"rendered":"https:\/\/kriocomics.com.br\/site\/?p=21191"},"modified":"2025-11-06T14:07:15","modified_gmt":"2025-11-06T17:07:15","slug":"projetos-e-personagens-da-editora-krio-comics-sao-apresentados-aos-participantes-da-semana-academica-da-universidade-zumbi-dos-palmares","status":"publish","type":"post","link":"https:\/\/kriocomics.com.br\/site\/projetos-e-personagens-da-editora-krio-comics-sao-apresentados-aos-participantes-da-semana-academica-da-universidade-zumbi-dos-palmares\/","title":{"rendered":"Projetos e personagens da Editora Kri\u00f4 Comics, s\u00e3o apresentados aos participantes da Semana Acad\u00eamica da Universidade Zumbi dos Palmares"},"content":{"rendered":"<p style=\"text-align: justify;\">Durante a edi\u00e7\u00e3o 2025 da Semana Acad\u00eamica da <strong>Universidade Zumbi dos Palmares<\/strong>, que aconteceu entre os dias 15 e 19 de setembro, a <strong>Editora Kri\u00f4 Comics<\/strong>, que integra o <strong>CAI\u00c1S &#8211; Coletivo Liter\u00e1rio<\/strong> formado por escritoras(es) negras(os) em parceria com a <strong>Zumbi dos Palmares<\/strong>, apresentou seus projetos e personagens para os alunos, professores, profissionais de destaque e representantes de empresas renomadas que estiveram presentes no campus da Universidade.<\/p>\n<p style=\"text-align: justify;\">A Semana Acad\u00eamica \u00e9 um evento anual para que os alunos possam conectar teoria e pr\u00e1tica, com palestras, pain\u00e9is e debates sobre temas relevantes nas \u00e1reas de Direito, Administra\u00e7\u00e3o, Publicidade, Seguran\u00e7a da Informa\u00e7\u00e3o, entre outros.<\/p>\n<p style=\"text-align: justify;\">A exposi\u00e7\u00e3o das publica\u00e7\u00f5es do CAI\u00c1S, teve tamb\u00e9m como objetivo valorizar a produ\u00e7\u00e3o cultural e intelectual da comunidade acad\u00eamica.<\/p>\n<p><em>*Na foto, juntamente com alguns integrantes do <strong>CAI\u00c1S &#8211; Coletivo Liter\u00e1rio<\/strong>, est\u00e1 o <strong>Reitor da Universidade Zumbi dos Palmares, Prof. Jos\u00e9 Vicente<\/strong><\/em><\/p>\n<p><em>Da Reda\u00e7\u00e3o<\/em><\/p>\n","protected":false},"excerpt":{"rendered":"<p>Durante a edi\u00e7\u00e3o 2025 da Semana Acad\u00eamica da Universidade Zumbi dos Palmares, que aconteceu entre os dias 15 e 19<\/p>\n","protected":false},"author":2,"featured_media":21192,"comment_status":"open","ping_status":"closed","sticky":false,"template":"","format":"standard","meta":{"sfsi_plus_gutenberg_text_before_share":"","sfsi_plus_gutenberg_show_text_before_share":"","sfsi_plus_gutenberg_icon_type":"","sfsi_plus_gutenberg_icon_alignemt":"","sfsi_plus_gutenburg_max_per_row":"","footnotes":""},"categories":[5,6820,1],"tags":[7768,6602,7579],"class_list":["post-21191","post","type-post","status-publish","format-standard","has-post-thumbnail","hentry","category-noticias","category-novidades-da-krio","category-ultimas-noticias","tag-caias-coletivo-literario","tag-editora-krio-comics","tag-universidade-zumbi-dos-palmares"],"_links":{"self":[{"href":"https:\/\/kriocomics.com.br\/site\/wp-json\/wp\/v2\/posts\/21191","targetHints":{"allow":["GET"]}}],"collection":[{"href":"https:\/\/kriocomics.com.br\/site\/wp-json\/wp\/v2\/posts"}],"about":[{"href":"https:\/\/kriocomics.com.br\/site\/wp-json\/wp\/v2\/types\/post"}],"author":[{"embeddable":true,"href":"https:\/\/kriocomics.com.br\/site\/wp-json\/wp\/v2\/users\/2"}],"replies":[{"embeddable":true,"href":"https:\/\/kriocomics.com.br\/site\/wp-json\/wp\/v2\/comments?post=21191"}],"version-history":[{"count":9,"href":"https:\/\/kriocomics.com.br\/site\/wp-json\/wp\/v2\/posts\/21191\/revisions"}],"predecessor-version":[{"id":21201,"href":"https:\/\/kriocomics.com.br\/site\/wp-json\/wp\/v2\/posts\/21191\/revisions\/21201"}],"wp:featuredmedia":[{"embeddable":true,"href":"https:\/\/kriocomics.com.br\/site\/wp-json\/wp\/v2\/media\/21192"}],"wp:attachment":[{"href":"https:\/\/kriocomics.com.br\/site\/wp-json\/wp\/v2\/media?parent=21191"}],"wp:term":[{"taxonomy":"category","embeddable":true,"href":"https:\/\/kriocomics.com.br\/site\/wp-json\/wp\/v2\/categories?post=21191"},{"taxonomy":"post_tag","embeddable":true,"href":"https:\/\/kriocomics.com.br\/site\/wp-json\/wp\/v2\/tags?post=21191"}],"curies":[{"name":"wp","href":"https:\/\/api.w.org\/{rel}","templated":true}]}}