{"id":21203,"date":"2025-10-19T15:26:28","date_gmt":"2025-10-19T18:26:28","guid":{"rendered":"https:\/\/kriocomics.com.br\/site\/?p=21203"},"modified":"2025-10-19T16:47:51","modified_gmt":"2025-10-19T19:47:51","slug":"1a-feira-literaria-antirracista-flac8-raizes-contara-com-a-participacao-da-editora-krio-comics","status":"publish","type":"post","link":"https:\/\/kriocomics.com.br\/site\/1a-feira-literaria-antirracista-flac8-raizes-contara-com-a-participacao-da-editora-krio-comics\/","title":{"rendered":"1\u00aa Feira Liter\u00e1ria Antirracista \u2013 FLAC8: Ra\u00edzes, contar\u00e1 com a participa\u00e7\u00e3o da Editora Kri\u00f4 Comics"},"content":{"rendered":"<p style=\"text-align: justify;\">A <strong>Editora Kri\u00f4 Comics<\/strong> participar\u00e1 com seus quadrinhos na <strong>1\u00aa Feira Liter\u00e1ria Antirracista \u2013 FLAC8: Ra\u00edzes<\/strong>.<\/p>\n<p style=\"text-align: justify;\">O <strong>Conselho Regional de Biblioteconomia do Estado de S\u00e3o Paulo (CRB-8)<\/strong> anuncia a <strong>1\u00aa edi\u00e7\u00e3o da FLAC8<\/strong>,\u00a0que acontecer\u00e1 no dia 25 de outubro de 2025, das 10h \u00e0s 17h. O evento in\u00e9dito re\u00fane escritores, editoras independentes, artistas e bibliotec\u00e1rios autores em uma programa\u00e7\u00e3o dedicada \u00e0 valoriza\u00e7\u00e3o da literatura negra, afro-ind\u00edgena, ind\u00edgena e perif\u00e9rica.<\/p>\n<p style=\"text-align: justify;\"><strong>Feira de Literatura Negra e Ind\u00edgena<\/strong><br \/>\nA <strong>FLAC8:<\/strong> ra\u00edzes tem como objetivo central destacar autores, ativistas, editores e intelectuais negros, ind\u00edgenas e perif\u00e9ricos que produzem conhecimento, arte e literatura a partir de suas viv\u00eancias e ancestralidades.<\/p>\n<p style=\"text-align: justify;\"><strong>Programa\u00e7\u00e3o de destaque e compromisso antirracista<\/strong><br \/>\nA programa\u00e7\u00e3o da feira \u00e9 diversificada e inclui sarau, interven\u00e7\u00e3o art\u00edstica, oficina de escrita criativa e uma palestra sobre os estigmas sociais. Durante todo o dia, o <strong>DJ Jim No Beat<\/strong> comandar\u00e1 a discotecagem, trazendo o som da periferia para o centro do evento.<\/p>\n<p style=\"text-align: justify;\">A presidenta do CRB-8, <strong>Ana Cl\u00e1udia Martins<\/strong>, ressalta o papel da iniciativa: <em>\u201cA Feira \u00e9 um espa\u00e7o de afirma\u00e7\u00e3o, escuta e valoriza\u00e7\u00e3o das vozes silenciadas. Nosso compromisso \u00e9 fortalecer iniciativas que deem visibilidade \u00e0s m\u00faltiplas narrativas da popula\u00e7\u00e3o negra, ind\u00edgena e perif\u00e9rica.\u201d<\/em><\/p>\n<p style=\"text-align: justify;\">Martins tamb\u00e9m chamou aten\u00e7\u00e3o para a urg\u00eancia da valoriza\u00e7\u00e3o desses autores, citando a campanha \u201cBiblioteca Vazia\u201d (mar\u00e7o de 2025), que revelou que apenas 5% do acervo da Biblioteca do Memorial da Am\u00e9rica Latina era composto por autores negros. Ela refor\u00e7a: <em>\u201c\u00c9 urgente reconhecer e valorizar escritores negros e ind\u00edgenas, como Concei\u00e7\u00e3o Evaristo, Daniel Munduruku, Eliane Potiguara, Ailton Krenak e tantos outros.\u201d<\/em><\/p>\n<p style=\"text-align: justify;\"><strong>Destaques da FLAC8: Ra\u00edzes<\/strong><br \/>\n<strong>Abertura com Poesia Sul-Africana:<\/strong> A poeta <strong>Clarah Swatson<\/strong>, sobrevivente do apartheid e do coletivo <strong>LibertArt<\/strong>, far\u00e1 uma interven\u00e7\u00e3o art\u00edstica de abertura. Swatson lan\u00e7ou em 2024 o livro Minha Jornada.<\/p>\n<p style=\"text-align: justify;\">Escritor <strong>Jos\u00e9 Sarmento<\/strong>: O paraibano radicado em SP, autor de 15 livros, \u00e9 destaque na programa\u00e7\u00e3o. Sarmento, que aprendeu a ler aos 14 anos, aborda a experi\u00eancia dos migrantes na periferia paulistana em obras como Para\u00edsoPolis e Um Corti\u00e7o dos Infernos.<\/p>\n<p style=\"text-align: justify;\"><strong>Oficina e Sarau:<\/strong> Roger BeatJesus conduzir\u00e1 a oficina \u201cSolte Sua Criatividade\u201d, ensinando a criar fanzines. O Sarau FLAC8, \u00e0s 15h, contar\u00e1 com a participa\u00e7\u00e3o de <strong>Renan Wangler<\/strong>, <strong>Hugo Paz<\/strong> e <strong>Erick Brown<\/strong>.<\/p>\n<p style=\"text-align: justify;\"><strong>Debate sobre Estigmas:<\/strong> Thi Dreads apresentar\u00e1 uma palestra sobre o preconceito enfrentado por pessoas com cabelos afro e dreadlocks.<\/p>\n<p style=\"text-align: justify;\">A <strong>Comiss\u00e3o de Diversidade e Inclus\u00e3o do CRB-8<\/strong>, por meio da <strong>Conselheira K\u00e1tia Cristina da Mata<\/strong>, reitera que a feira busca promover uma sociedade mais justa: <em>\u201cAcreditamos que este evento trar\u00e1 uma contribui\u00e7\u00e3o significativa para o debate, ampliando o olhar cr\u00edtico e plural que desejamos fortalecer.\u201d<\/em><\/p>\n<p><strong>1\u00aa Feira Liter\u00e1ria Antirracista \u2013 FLAC8: Ra\u00edzes<\/strong><br \/>\nDia 25 de outubro de 2025<br \/>\nDas 10h \u00e0s 17h<br \/>\nSede do Conselho Regional de Biblioteconomia do Estado de S\u00e3o Paulo<br \/>\nRua Maracaju, 58 \u2013 Vila Mariana \u2013 S\u00e3o Paulo \u2013 SP<br \/>\nEntrada franca<\/p>\n<p><em>Da Reda\u00e7\u00e3o<\/em><\/p>\n<p>&nbsp;<\/p>\n<p>&nbsp;<\/p>\n","protected":false},"excerpt":{"rendered":"<p>A Editora Kri\u00f4 Comics participar\u00e1 com seus quadrinhos na 1\u00aa Feira Liter\u00e1ria Antirracista \u2013 FLAC8: Ra\u00edzes. O Conselho Regional de<\/p>\n","protected":false},"author":2,"featured_media":21204,"comment_status":"open","ping_status":"closed","sticky":false,"template":"","format":"standard","meta":{"sfsi_plus_gutenberg_text_before_share":"","sfsi_plus_gutenberg_show_text_before_share":"","sfsi_plus_gutenberg_icon_type":"","sfsi_plus_gutenberg_icon_alignemt":"","sfsi_plus_gutenburg_max_per_row":"","footnotes":""},"categories":[15,6820],"tags":[7769,6602],"class_list":["post-21203","post","type-post","status-publish","format-standard","has-post-thumbnail","hentry","category-eventos","category-novidades-da-krio","tag-1a-edicao-da-feira-literaria-antirracista-flac8-raizes","tag-editora-krio-comics"],"_links":{"self":[{"href":"https:\/\/kriocomics.com.br\/site\/wp-json\/wp\/v2\/posts\/21203","targetHints":{"allow":["GET"]}}],"collection":[{"href":"https:\/\/kriocomics.com.br\/site\/wp-json\/wp\/v2\/posts"}],"about":[{"href":"https:\/\/kriocomics.com.br\/site\/wp-json\/wp\/v2\/types\/post"}],"author":[{"embeddable":true,"href":"https:\/\/kriocomics.com.br\/site\/wp-json\/wp\/v2\/users\/2"}],"replies":[{"embeddable":true,"href":"https:\/\/kriocomics.com.br\/site\/wp-json\/wp\/v2\/comments?post=21203"}],"version-history":[{"count":4,"href":"https:\/\/kriocomics.com.br\/site\/wp-json\/wp\/v2\/posts\/21203\/revisions"}],"predecessor-version":[{"id":21208,"href":"https:\/\/kriocomics.com.br\/site\/wp-json\/wp\/v2\/posts\/21203\/revisions\/21208"}],"wp:featuredmedia":[{"embeddable":true,"href":"https:\/\/kriocomics.com.br\/site\/wp-json\/wp\/v2\/media\/21204"}],"wp:attachment":[{"href":"https:\/\/kriocomics.com.br\/site\/wp-json\/wp\/v2\/media?parent=21203"}],"wp:term":[{"taxonomy":"category","embeddable":true,"href":"https:\/\/kriocomics.com.br\/site\/wp-json\/wp\/v2\/categories?post=21203"},{"taxonomy":"post_tag","embeddable":true,"href":"https:\/\/kriocomics.com.br\/site\/wp-json\/wp\/v2\/tags?post=21203"}],"curies":[{"name":"wp","href":"https:\/\/api.w.org\/{rel}","templated":true}]}}