{"id":21220,"date":"2025-10-20T02:44:16","date_gmt":"2025-10-20T05:44:16","guid":{"rendered":"https:\/\/kriocomics.com.br\/site\/?p=21220"},"modified":"2025-11-06T14:46:08","modified_gmt":"2025-11-06T17:46:08","slug":"fanzinada-no-arouche-mais-um-evento-de-sucesso-promovido-pela-editora-krio-comics","status":"publish","type":"post","link":"https:\/\/kriocomics.com.br\/site\/fanzinada-no-arouche-mais-um-evento-de-sucesso-promovido-pela-editora-krio-comics\/","title":{"rendered":"Fanzinada no Arouche, mais um evento de sucesso promovido pela Editora Kri\u00f4 Comics"},"content":{"rendered":"<p style=\"text-align: justify;\">No dia 11 de outubro a equipe <strong>Quadrinhos no Arouche<\/strong> formada pela jornalista, escritora e diretora da <strong>Editora Kri\u00f4 Comics<\/strong>, <strong>Edna Pessanha<\/strong> e pelo quadrinista e produtor <strong>Gui Feliciano<\/strong>, em parceria com a renomada artista <strong>Thina Curtis<\/strong>, realizaram a <strong>Fanzinada no Arouche<\/strong>, que contou com artistas independentes, oficinas e gibiteca itinerante com a presen\u00e7a da <strong>Gibiteca Bal\u00e3o<\/strong>, um dos coletivos mais presentes e influentes no crescimento quantitativo e qualitativo dos eventos de quadrinhos no centro e periferia da grande S\u00e3o Paulo.<\/p>\n<p>\u00a0 \u00a0 \u00a0 \u00a0 <img loading=\"lazy\" decoding=\"async\" class=\"alignnone wp-image-21211\" src=\"https:\/\/kriocomics.com.br\/site\/wp-content\/uploads\/2025\/10\/Edna-Pessanha-Editora-Krio-Comics-1-1.jpg\" alt=\"\" width=\"339\" height=\"452\" srcset=\"https:\/\/kriocomics.com.br\/site\/wp-content\/uploads\/2025\/10\/Edna-Pessanha-Editora-Krio-Comics-1-1.jpg 600w, https:\/\/kriocomics.com.br\/site\/wp-content\/uploads\/2025\/10\/Edna-Pessanha-Editora-Krio-Comics-1-1-225x300.jpg 225w\" sizes=\"auto, (max-width: 339px) 100vw, 339px\" \/> <img loading=\"lazy\" decoding=\"async\" class=\"alignnone wp-image-21212\" src=\"https:\/\/kriocomics.com.br\/site\/wp-content\/uploads\/2025\/10\/Edna-Pessanha-Thina-Curtis.jpg\" alt=\"\" width=\"339\" height=\"452\" srcset=\"https:\/\/kriocomics.com.br\/site\/wp-content\/uploads\/2025\/10\/Edna-Pessanha-Thina-Curtis.jpg 600w, https:\/\/kriocomics.com.br\/site\/wp-content\/uploads\/2025\/10\/Edna-Pessanha-Thina-Curtis-225x300.jpg 225w\" sizes=\"auto, (max-width: 339px) 100vw, 339px\" \/><\/p>\n<p>A Fanzinada comemorou o Dia Nacional do Fanzine, celebrado no dia 12 de outubro, sendo realizado h\u00e1 quase 15 anos na regi\u00e3o do ABC paulista, pela primeira vez este evento aconteceu na cidade de S\u00e3o Paulo, mais especificamente no Casar\u00e3o Multicultural Viva Arouche.<\/p>\n<p>Al\u00e9m do site, acompanhe a <strong>Editora Kri\u00f4 Comics<\/strong> pelo Instagram: <strong><span style=\"color: #000080;\"><a style=\"color: #000080;\" href=\"http:\/\/@editorakriocomicsoficial\" target=\"_blank\" rel=\"noopener\">@editorakriocomicsoficial<\/a><\/span><\/strong><\/p>\n<p><img loading=\"lazy\" decoding=\"async\" class=\"alignnone wp-image-21214\" src=\"https:\/\/kriocomics.com.br\/site\/wp-content\/uploads\/2025\/10\/Edna-Pessanha-RogerBeat-Jesus.jpg\" alt=\"\" width=\"338\" height=\"450\" srcset=\"https:\/\/kriocomics.com.br\/site\/wp-content\/uploads\/2025\/10\/Edna-Pessanha-RogerBeat-Jesus.jpg 600w, https:\/\/kriocomics.com.br\/site\/wp-content\/uploads\/2025\/10\/Edna-Pessanha-RogerBeat-Jesus-225x300.jpg 225w\" sizes=\"auto, (max-width: 338px) 100vw, 338px\" \/> <img loading=\"lazy\" decoding=\"async\" class=\"alignnone wp-image-21215\" src=\"https:\/\/kriocomics.com.br\/site\/wp-content\/uploads\/2025\/10\/Edna-Pessanha-San-Merg.jpg\" alt=\"\" width=\"337\" height=\"450\" srcset=\"https:\/\/kriocomics.com.br\/site\/wp-content\/uploads\/2025\/10\/Edna-Pessanha-San-Merg.jpg 525w, https:\/\/kriocomics.com.br\/site\/wp-content\/uploads\/2025\/10\/Edna-Pessanha-San-Merg-225x300.jpg 225w\" sizes=\"auto, (max-width: 337px) 100vw, 337px\" \/><\/p>\n<p>&nbsp;<\/p>\n<p><em>Da Reda\u00e7\u00e3o<\/em><\/p>\n","protected":false},"excerpt":{"rendered":"<p>No dia 11 de outubro a equipe Quadrinhos no Arouche formada pela jornalista, escritora e diretora da Editora Kri\u00f4 Comics,<\/p>\n","protected":false},"author":2,"featured_media":21210,"comment_status":"open","ping_status":"closed","sticky":false,"template":"","format":"standard","meta":{"sfsi_plus_gutenberg_text_before_share":"","sfsi_plus_gutenberg_show_text_before_share":"","sfsi_plus_gutenberg_icon_type":"","sfsi_plus_gutenberg_icon_alignemt":"","sfsi_plus_gutenburg_max_per_row":"","footnotes":""},"categories":[5,6820,1],"tags":[6602,162,7762,7478,7677,7675,2426],"class_list":["post-21220","post","type-post","status-publish","format-standard","has-post-thumbnail","hentry","category-noticias","category-novidades-da-krio","category-ultimas-noticias","tag-editora-krio-comics","tag-edna-pessanha","tag-fanzinada-no-arouche","tag-gibiteca-balao","tag-gui-feliciano","tag-quadrinhos-no-arouche","tag-thina-curtis"],"_links":{"self":[{"href":"https:\/\/kriocomics.com.br\/site\/wp-json\/wp\/v2\/posts\/21220","targetHints":{"allow":["GET"]}}],"collection":[{"href":"https:\/\/kriocomics.com.br\/site\/wp-json\/wp\/v2\/posts"}],"about":[{"href":"https:\/\/kriocomics.com.br\/site\/wp-json\/wp\/v2\/types\/post"}],"author":[{"embeddable":true,"href":"https:\/\/kriocomics.com.br\/site\/wp-json\/wp\/v2\/users\/2"}],"replies":[{"embeddable":true,"href":"https:\/\/kriocomics.com.br\/site\/wp-json\/wp\/v2\/comments?post=21220"}],"version-history":[{"count":6,"href":"https:\/\/kriocomics.com.br\/site\/wp-json\/wp\/v2\/posts\/21220\/revisions"}],"predecessor-version":[{"id":21226,"href":"https:\/\/kriocomics.com.br\/site\/wp-json\/wp\/v2\/posts\/21220\/revisions\/21226"}],"wp:featuredmedia":[{"embeddable":true,"href":"https:\/\/kriocomics.com.br\/site\/wp-json\/wp\/v2\/media\/21210"}],"wp:attachment":[{"href":"https:\/\/kriocomics.com.br\/site\/wp-json\/wp\/v2\/media?parent=21220"}],"wp:term":[{"taxonomy":"category","embeddable":true,"href":"https:\/\/kriocomics.com.br\/site\/wp-json\/wp\/v2\/categories?post=21220"},{"taxonomy":"post_tag","embeddable":true,"href":"https:\/\/kriocomics.com.br\/site\/wp-json\/wp\/v2\/tags?post=21220"}],"curies":[{"name":"wp","href":"https:\/\/api.w.org\/{rel}","templated":true}]}}