{"id":21229,"date":"2025-10-28T01:55:32","date_gmt":"2025-10-28T04:55:32","guid":{"rendered":"https:\/\/kriocomics.com.br\/site\/?p=21229"},"modified":"2025-10-28T01:57:26","modified_gmt":"2025-10-28T04:57:26","slug":"editora-krio-comics-levara-seus-quadrinhos-para-o-animasenac-2025","status":"publish","type":"post","link":"https:\/\/kriocomics.com.br\/site\/editora-krio-comics-levara-seus-quadrinhos-para-o-animasenac-2025\/","title":{"rendered":"Editora Kri\u00f4 Comics levar\u00e1 seus quadrinhos para o AnimaSenac 2025"},"content":{"rendered":"<p style=\"text-align: justify;\">Nos dias 28, 29 e 30 de outubro a <strong>Biblioteca do Campus Senac Santo Amaro<\/strong> receber\u00e1 o evento mais animado do ano.<\/p>\n<p>Vai ter Artist&#8217;s Alley, com quadrinhos nacionais, mostras do <strong>Dia Internacional da Anima\u00e7\u00e3o<\/strong>, debates, cosplay, oficinas, AnimaJam, DJ e muito mais!<\/p>\n<p>Venha celebrar o <strong>Dia Internacional da Anima\u00e7\u00e3o<\/strong>, aqui voc\u00ea encontrar\u00e1 uma programa\u00e7\u00e3o completa e cheia de novidades!<\/p>\n<p>Evento presencial gratuito<br \/>\nVai ser mara!<\/p>\n<p>Marque aquele amigo que vai com voc\u00ea no evento!<\/p>\n<p>E a\u00ed, vai ficar de fora? Nos vemos l\u00e1!<\/p>\n<p>Conhe\u00e7a a programa\u00e7\u00e3o completa no Instagram do evento\u00a0<strong><span style=\"color: #000080;\"><a class=\"x1i10hfl xjbqb8w x1ejq31n x18oe1m7 x1sy0etr xstzfhl x972fbf x10w94by x1qhh985 x14e42zd x9f619 x1ypdohk xt0psk2 x3ct3a4 xdj266r x14z9mp xat24cr x1lziwak xexx8yu xyri2b x18d9i69 x1c1uobl x16tdsg8 x1hl2dhg xggy1nq x1a2a7pz notranslate _a6hd\" style=\"color: #000080;\" tabindex=\"0\" role=\"link\" href=\"https:\/\/www.instagram.com\/animasenac\/\" target=\"_blank\" rel=\"noopener\">@animasenac<\/a><\/span><\/strong><\/p>\n<p><strong>ANIMASENAC 2025<\/strong><br \/>\n28, 29, 30 de outubro<br \/>\nDas 12 \u00e0s 19hs<br \/>\nCentro Universit\u00e1rio Senac \u2013 Santo Amaro<br \/>\nEndere\u00e7o: Av. Engenheiro Eus\u00e9bio Stevaux, 823 &#8211; Santo Amaro &#8211; S\u00e3o Paulo &#8211; SP<\/p>\n<p>&nbsp;<\/p>\n<p><em>Da Reda\u00e7\u00e3o<\/em><\/p>\n","protected":false},"excerpt":{"rendered":"<p>Nos dias 28, 29 e 30 de outubro a Biblioteca do Campus Senac Santo Amaro receber\u00e1 o evento mais animado<\/p>\n","protected":false},"author":2,"featured_media":21230,"comment_status":"open","ping_status":"closed","sticky":false,"template":"","format":"standard","meta":{"sfsi_plus_gutenberg_text_before_share":"","sfsi_plus_gutenberg_show_text_before_share":"","sfsi_plus_gutenberg_icon_type":"","sfsi_plus_gutenberg_icon_alignemt":"","sfsi_plus_gutenburg_max_per_row":"","footnotes":""},"categories":[15],"tags":[7770,6602],"class_list":["post-21229","post","type-post","status-publish","format-standard","has-post-thumbnail","hentry","category-eventos","tag-animasenac-2025","tag-editora-krio-comics"],"_links":{"self":[{"href":"https:\/\/kriocomics.com.br\/site\/wp-json\/wp\/v2\/posts\/21229","targetHints":{"allow":["GET"]}}],"collection":[{"href":"https:\/\/kriocomics.com.br\/site\/wp-json\/wp\/v2\/posts"}],"about":[{"href":"https:\/\/kriocomics.com.br\/site\/wp-json\/wp\/v2\/types\/post"}],"author":[{"embeddable":true,"href":"https:\/\/kriocomics.com.br\/site\/wp-json\/wp\/v2\/users\/2"}],"replies":[{"embeddable":true,"href":"https:\/\/kriocomics.com.br\/site\/wp-json\/wp\/v2\/comments?post=21229"}],"version-history":[{"count":3,"href":"https:\/\/kriocomics.com.br\/site\/wp-json\/wp\/v2\/posts\/21229\/revisions"}],"predecessor-version":[{"id":21233,"href":"https:\/\/kriocomics.com.br\/site\/wp-json\/wp\/v2\/posts\/21229\/revisions\/21233"}],"wp:featuredmedia":[{"embeddable":true,"href":"https:\/\/kriocomics.com.br\/site\/wp-json\/wp\/v2\/media\/21230"}],"wp:attachment":[{"href":"https:\/\/kriocomics.com.br\/site\/wp-json\/wp\/v2\/media?parent=21229"}],"wp:term":[{"taxonomy":"category","embeddable":true,"href":"https:\/\/kriocomics.com.br\/site\/wp-json\/wp\/v2\/categories?post=21229"},{"taxonomy":"post_tag","embeddable":true,"href":"https:\/\/kriocomics.com.br\/site\/wp-json\/wp\/v2\/tags?post=21229"}],"curies":[{"name":"wp","href":"https:\/\/api.w.org\/{rel}","templated":true}]}}