{"id":21283,"date":"2025-11-12T22:44:09","date_gmt":"2025-11-13T01:44:09","guid":{"rendered":"https:\/\/kriocomics.com.br\/site\/?p=21283"},"modified":"2025-11-15T01:07:58","modified_gmt":"2025-11-15T04:07:58","slug":"poc-con-2026-acontecera-nos-dias-5-e-6-de-junho-no-centro-de-convencoes-do-distrito-anhembi","status":"publish","type":"post","link":"https:\/\/kriocomics.com.br\/site\/poc-con-2026-acontecera-nos-dias-5-e-6-de-junho-no-centro-de-convencoes-do-distrito-anhembi\/","title":{"rendered":"Poc Con 2026 acontecer\u00e1 nos dias 5 e 6 de Junho no Centro de Conven\u00e7\u00f5es do Distrito Anhembi!"},"content":{"rendered":"<p style=\"text-align: center;\"><em><span style=\"font-weight: 400;\">Inscri\u00e7\u00f5es abertas corre Poc!<\/span><\/em><\/p>\n<p style=\"text-align: justify;\">As inscri\u00e7\u00f5es para artistas interessados em expor no evento v\u00e3o de 03 a 21 de novembro de 2025.\u00a0As inscri\u00e7\u00f5es para editoras e lojistas j\u00e1 est\u00e3o abertas e v\u00e3o at\u00e9 esgotarem as vagas dispon\u00edveis.<\/p>\n<p style=\"text-align: justify;\">Formul\u00e1rio de inscri\u00e7\u00e3o de artistas: <a href=\"https:\/\/forms.gle\/SbxpbXozh7pdu52E7\" target=\"_blank\" rel=\"noopener\"><strong><span style=\"color: #000080;\">https:\/\/forms.gle\/SbxpbXozh7pdu52E7<\/span><\/strong><\/a><\/p>\n<p style=\"text-align: justify;\">Formul\u00e1rio de inscri\u00e7\u00e3o de Editoras e lojistas: <strong><span style=\"color: #000080;\"><a style=\"color: #000080;\" href=\"https:\/\/forms.gle\/aWHmre3dyfCjz9xx7\" target=\"_blank\" rel=\"noopener\">https:\/\/forms.gle\/aWHmre3dyfCjz9xx7<\/a><\/span><\/strong><\/p>\n<p style=\"text-align: justify;\">Acompanhe nossas redes sociais para mais informa\u00e7\u00f5es sobre a pr\u00f3xima edi\u00e7\u00e3o do maior evento LGBTQIA+ de quadrinhos e artes gr\u00e1ficas da Am\u00e9rica Latina!<\/p>\n<p style=\"text-align: justify;\"><strong>Vale de talentos e Gibiteca digital<\/strong><br \/>\nE n\u00e3o deixem de conferir o nosso <span style=\"color: #000080;\"><strong><a style=\"color: #000080;\" href=\"https:\/\/poccon.com.br\/vale-de-talentos\/\" target=\"_blank\" rel=\"noopener\">Vale de Talentos<\/a><\/strong><\/span> e a <strong><span style=\"color: #000080;\"><a style=\"color: #000080;\" href=\"https:\/\/poccon.com.br\/gibiteca-digital\/\" target=\"_blank\" rel=\"noopener\">Gibiteca Digital<\/a><\/span><\/strong>!<\/p>\n<p style=\"text-align: justify;\">O Vale de Talentos da Poc Con \u00e9 um banco de contatos para artistas LGBTQIA+ de todo o Brasil, no qual \u00e9 poss\u00edvel filtrar a busca de talentos pelo estado de moradia, identidade de g\u00eanero, orienta\u00e7\u00e3o sexual, etnia e \u00e1rea de atua\u00e7\u00e3o.<\/p>\n<p style=\"text-align: justify;\">A Gibiteca Digital conta com dezenas de quadrinhos de autores queers, disponibilizados gratuitamente para leitura.<\/p>\n<p><strong>Poc Con 26<\/strong><br \/>\n5 e 6 de junho de 2026<br \/>\nCentro de Conven\u00e7\u00f5es &#8211; Distrito Anhembi<br \/>\nAv. Olavo Fontoura, 1209 \u2013 Santana, S\u00e3o Paulo \u2013 SP<\/p>\n<p><em>Da Reda\u00e7\u00e3o<\/em><\/p>\n","protected":false},"excerpt":{"rendered":"<p>Inscri\u00e7\u00f5es abertas corre Poc! As inscri\u00e7\u00f5es para artistas interessados em expor no evento v\u00e3o de 03 a 21 de novembro<\/p>\n","protected":false},"author":2,"featured_media":21287,"comment_status":"open","ping_status":"closed","sticky":false,"template":"","format":"standard","meta":{"sfsi_plus_gutenberg_text_before_share":"","sfsi_plus_gutenberg_show_text_before_share":"","sfsi_plus_gutenberg_icon_type":"","sfsi_plus_gutenberg_icon_alignemt":"","sfsi_plus_gutenburg_max_per_row":"","footnotes":""},"categories":[5,1],"tags":[7790],"class_list":["post-21283","post","type-post","status-publish","format-standard","has-post-thumbnail","hentry","category-noticias","category-ultimas-noticias","tag-poc-con-26"],"_links":{"self":[{"href":"https:\/\/kriocomics.com.br\/site\/wp-json\/wp\/v2\/posts\/21283","targetHints":{"allow":["GET"]}}],"collection":[{"href":"https:\/\/kriocomics.com.br\/site\/wp-json\/wp\/v2\/posts"}],"about":[{"href":"https:\/\/kriocomics.com.br\/site\/wp-json\/wp\/v2\/types\/post"}],"author":[{"embeddable":true,"href":"https:\/\/kriocomics.com.br\/site\/wp-json\/wp\/v2\/users\/2"}],"replies":[{"embeddable":true,"href":"https:\/\/kriocomics.com.br\/site\/wp-json\/wp\/v2\/comments?post=21283"}],"version-history":[{"count":9,"href":"https:\/\/kriocomics.com.br\/site\/wp-json\/wp\/v2\/posts\/21283\/revisions"}],"predecessor-version":[{"id":21294,"href":"https:\/\/kriocomics.com.br\/site\/wp-json\/wp\/v2\/posts\/21283\/revisions\/21294"}],"wp:featuredmedia":[{"embeddable":true,"href":"https:\/\/kriocomics.com.br\/site\/wp-json\/wp\/v2\/media\/21287"}],"wp:attachment":[{"href":"https:\/\/kriocomics.com.br\/site\/wp-json\/wp\/v2\/media?parent=21283"}],"wp:term":[{"taxonomy":"category","embeddable":true,"href":"https:\/\/kriocomics.com.br\/site\/wp-json\/wp\/v2\/categories?post=21283"},{"taxonomy":"post_tag","embeddable":true,"href":"https:\/\/kriocomics.com.br\/site\/wp-json\/wp\/v2\/tags?post=21283"}],"curies":[{"name":"wp","href":"https:\/\/api.w.org\/{rel}","templated":true}]}}