{"id":21383,"date":"2025-11-27T00:54:14","date_gmt":"2025-11-27T03:54:14","guid":{"rendered":"https:\/\/kriocomics.com.br\/site\/?p=21383"},"modified":"2025-11-27T00:54:57","modified_gmt":"2025-11-27T03:54:57","slug":"a-caramelo-con-voltara-ao-espaco-parlapatoes-no-dia-29-de-novembro","status":"publish","type":"post","link":"https:\/\/kriocomics.com.br\/site\/a-caramelo-con-voltara-ao-espaco-parlapatoes-no-dia-29-de-novembro\/","title":{"rendered":"A Caramelo Con voltar\u00e1 ao Espa\u00e7o Parlapat\u00f5es no dia 29 de novembro"},"content":{"rendered":"<p style=\"text-align: justify;\">Um dia de arte independente e pura criatividade! A <strong>Caramelo Con<\/strong> promete um encontro imperd\u00edvel da produ\u00e7\u00e3o gr\u00e1fica brasileira, reunindo artistas, editoras, colecionadores e leitores em um ambiente cheio de troca, descobertas e di\u00e1logo. O melhor? \u00c9 gratuito!<\/p>\n<p style=\"text-align: justify;\">Se voc\u00ea ama o universo de quadrinhos, ilustra\u00e7\u00f5es, literatura e artes visuais, esse \u00e9 o rol\u00ea perfeito! Al\u00e9m de deixar a criatividade rolar solta, d\u00e1 para aprender muito com as viv\u00eancias dos convidados \u2014 uma troca valios\u00edssima.<\/p>\n<p style=\"text-align: justify;\">A <strong>Caramelo Con<\/strong> rola no <strong>Espa\u00e7o Parlapat\u00f5es<\/strong> nesta sexta, 29 de novembro, das 9h \u00e0s 17h30. Um dia inteiro dedicado \u00e0 pot\u00eancia e \u00e0 diversidade da arte gr\u00e1fica!<\/p>\n<p style=\"text-align: justify;\">Em sua segunda edi\u00e7\u00e3o, o evento j\u00e1 vem ganhando for\u00e7a no meio e tem presen\u00e7a confirmada de nomes incr\u00edveis como Danilo Beyruth, Gilmar Machado, Jo\u00e3o Pinheiro, Let\u00edcia Xavier de Oliveira, Dango Yoshio e muuuito mais.<\/p>\n<p style=\"text-align: justify;\">Por l\u00e1, ainda comparecem as editoras Comix Zone, Bebel Books, Mistif\u00f3rio, Selo Mangue, MMarte e P\u00e9 de Cabra. \u00c9 o melhor da arte gr\u00e1fica reunido em um s\u00f3 dia!<\/p>\n<p style=\"text-align: justify;\">Mesmo com tantas refer\u00eancias reunidas, o clima \u00e9 intimista. A ideia \u00e9 aproximar a galera que curte e vive arte gr\u00e1fica, ent\u00e3o pode ir sem medo de fazer amigos e aprender muito!<\/p>\n<p>Bora celebrar a arte gr\u00e1fica? \u00c9 gr\u00e1tis! S\u00f3 colar na <strong>Caramelo Con!<\/strong><\/p>\n<p>Informa\u00e7\u00f5es: <strong><span style=\"color: #000080;\"><a style=\"color: #000080;\" href=\"https:\/\/www.instagram.com\/caramelo.con\/\" target=\"_blank\" rel=\"noopener\">@caramelo.con<\/a><\/span><\/strong><\/p>\n<p>Caramelo Con<br \/>\nDia 29 de novembro<br \/>\nDas 9h \u00e0s 17h30<br \/>\nEspa\u00e7o Parlapat\u00f5es<br \/>\nPra\u00e7a Franklin Roosevelt, 158 &#8211; Bela Vista, S\u00e3o Paulo &#8211; SP<br \/>\nGratuito<\/p>\n<p><em>Fonte: Catraca Livre<\/em><\/p>\n","protected":false},"excerpt":{"rendered":"<p>Um dia de arte independente e pura criatividade! A Caramelo Con promete um encontro imperd\u00edvel da produ\u00e7\u00e3o gr\u00e1fica brasileira, reunindo<\/p>\n","protected":false},"author":2,"featured_media":21384,"comment_status":"open","ping_status":"closed","sticky":false,"template":"","format":"standard","meta":{"sfsi_plus_gutenberg_text_before_share":"","sfsi_plus_gutenberg_show_text_before_share":"","sfsi_plus_gutenberg_icon_type":"","sfsi_plus_gutenberg_icon_alignemt":"","sfsi_plus_gutenburg_max_per_row":"","footnotes":""},"categories":[15],"tags":[7812,966],"class_list":["post-21383","post","type-post","status-publish","format-standard","has-post-thumbnail","hentry","category-eventos","tag-caramelo-con","tag-espaco-parlapatoes"],"_links":{"self":[{"href":"https:\/\/kriocomics.com.br\/site\/wp-json\/wp\/v2\/posts\/21383","targetHints":{"allow":["GET"]}}],"collection":[{"href":"https:\/\/kriocomics.com.br\/site\/wp-json\/wp\/v2\/posts"}],"about":[{"href":"https:\/\/kriocomics.com.br\/site\/wp-json\/wp\/v2\/types\/post"}],"author":[{"embeddable":true,"href":"https:\/\/kriocomics.com.br\/site\/wp-json\/wp\/v2\/users\/2"}],"replies":[{"embeddable":true,"href":"https:\/\/kriocomics.com.br\/site\/wp-json\/wp\/v2\/comments?post=21383"}],"version-history":[{"count":2,"href":"https:\/\/kriocomics.com.br\/site\/wp-json\/wp\/v2\/posts\/21383\/revisions"}],"predecessor-version":[{"id":21386,"href":"https:\/\/kriocomics.com.br\/site\/wp-json\/wp\/v2\/posts\/21383\/revisions\/21386"}],"wp:featuredmedia":[{"embeddable":true,"href":"https:\/\/kriocomics.com.br\/site\/wp-json\/wp\/v2\/media\/21384"}],"wp:attachment":[{"href":"https:\/\/kriocomics.com.br\/site\/wp-json\/wp\/v2\/media?parent=21383"}],"wp:term":[{"taxonomy":"category","embeddable":true,"href":"https:\/\/kriocomics.com.br\/site\/wp-json\/wp\/v2\/categories?post=21383"},{"taxonomy":"post_tag","embeddable":true,"href":"https:\/\/kriocomics.com.br\/site\/wp-json\/wp\/v2\/tags?post=21383"}],"curies":[{"name":"wp","href":"https:\/\/api.w.org\/{rel}","templated":true}]}}