{"id":21565,"date":"2026-01-22T21:50:04","date_gmt":"2026-01-23T00:50:04","guid":{"rendered":"https:\/\/kriocomics.com.br\/site\/?p=21565"},"modified":"2026-02-17T23:16:32","modified_gmt":"2026-02-18T02:16:32","slug":"dia-do-quadrinho-nacional-pode-virar-lei-em-2026","status":"publish","type":"post","link":"https:\/\/kriocomics.com.br\/site\/dia-do-quadrinho-nacional-pode-virar-lei-em-2026\/","title":{"rendered":"Dia do Quadrinho Nacional pode virar lei em 2026"},"content":{"rendered":"<p style=\"text-align: justify;\">Comemorado em 30 de janeiro, o <strong>Dia do Quadrinho Nacional<\/strong> deve ganhar car\u00e1ter oficial em 2026. Um projeto de lei aprovado na C\u00e2mara dos Deputados j\u00e1 est\u00e1 no Senado e pode ser votado pelos senadores neste primeiro semestre. A autora do <strong>PL 2.328\/2024<\/strong> \u00e9 a deputada federal <strong>Juliana Cardoso (PT-SP)<\/strong>.<\/p>\n<p style=\"text-align: justify;\">O <strong>Dia do Quadrinho Nacional<\/strong> j\u00e1 \u00e9 comemorado pelos f\u00e3s da nona arte todos os anos desde 1984, quando a comemora\u00e7\u00e3o foi criada simbolicamente pela <strong>Associa\u00e7\u00e3o dos Quadrinhistas e Caricaturistas do Estado de S\u00e3o Paulo (AQC-SP)<\/strong>. No ano seguinte, a AQC instituiu o <strong>Pr\u00eamio Angelo Agostini<\/strong>, uma das principais premia\u00e7\u00f5es para autores e desenhistas de quadrinhos no Brasil.<\/p>\n<p style=\"text-align: justify;\">O quadrinista <strong>Angelo Agostini<\/strong>, um italiano naturalizado brasileiro, publicou, a partir de 30 de janeiro de 1869 (h\u00e1 157 anos), <strong>As Aventuras de Nh\u00f4-Quim<\/strong> ou <strong>Impress\u00f5es de uma Viagem \u00e0 Corte<\/strong>, considerada a primeira hist\u00f3ria em quadrinhos brasileira de longa dura\u00e7\u00e3o e uma das primeiras em \u00e2mbito mundial. A hist\u00f3ria foi publicada pela revista Vida Fluminense at\u00e9 janeiro de 1872, com algumas interrup\u00e7\u00f5es, totalizando 14 cap\u00edtulos.<\/p>\n<p style=\"text-align: justify;\"><strong>O projeto<\/strong><br \/>\nO texto da proposta torna oficial em todo o pa\u00eds o <strong>Dia do Quadrinho Nacional<\/strong> (30 de janeiro) e determina que, nessa data, o poder p\u00fablico dever\u00e1 realizar atividades p\u00fablicas que promovam a arte dos quadrinhos em suas diversas formas e variantes.<\/p>\n<p style=\"text-align: justify;\">Al\u00e9m disso, o poder p\u00fablico ter\u00e1 que criar, dar continuidade e ampliar as pol\u00edticas p\u00fablicas\u00a0direcionadas \u00e0 promo\u00e7\u00e3o do emprego e renda dos artistas da cadeia produtiva dos quadrinhos. O objetivo \u00e9 apoiar a arte e a ind\u00fastria cultural nacional.<\/p>\n<p style=\"text-align: justify;\">O <strong>PL 2.328\/2024<\/strong> ser\u00e1 enviado para an\u00e1lise de comiss\u00f5es pertinentes e, em seguida, para vota\u00e7\u00e3o no Plen\u00e1rio do Senado. Se aprovado, seguir\u00e1 para san\u00e7\u00e3o ou veto do presidente da Rep\u00fablica<\/p>\n<p style=\"text-align: justify;\">A deputada Juliana Cardoso afirma que o Brasil \u00e9 um dos pioneiros na cria\u00e7\u00e3o das hist\u00f3rias em quadrinhos, sendo Nh\u00f4 Quim considerada a primeira hist\u00f3ria em quadrinhos brasileira, dividindo a primazia mundial com a primeira hist\u00f3ria em quadrinhos conhecida: Max und Moritz, de Wilhelm Bush, publicado na Alemanha em 1865.<\/p>\n<p style=\"text-align: justify;\">Ela lembra que a data foi comemorada pela primeira vez em um evento no Sesc F\u00e1brica Pompeia, em S\u00e3o Paulo, em 1985, data na qual tamb\u00e9m foi institu\u00eddo o Trof\u00e9u \u00c2ngelo Agostini, que j\u00e1 tem mais de 40 edi\u00e7\u00f5es. Juliana Cardoso tamb\u00e9m registra que o Dia do Quadrinho Nacional \u00e9 comemorado em todo o pa\u00eds, principalmente pelas gibitecas de cidades como Curitiba, S\u00e3o Paulo, Bras\u00edlia e Porto Alegre, entre outras.<\/p>\n<p style=\"text-align: justify;\"><em>\u201cA propositura de 30 de janeiro como o Dia do Quadrinho Nacional reconhece historicamente a luta dos produtores de cultura e dos movimentos art\u00edsticos organizados envolvidos com a \u00e1rea das hist\u00f3rias em quadrinhos\u201d<\/em>, afirma a deputada na justificativa do projeto.<\/p>\n<p style=\"text-align: justify;\">Apesar de contar com v\u00e1rias escolas e tem\u00e1ticas, a arte dos quadrinhos costuma enfrentar preconceito e menosprezo, que a associam a temas meramente infantis ou a ap\u00eandice do g\u00eanero liter\u00e1rio. O mundo celebra o Dia do Quadrinho, em 5 de maio, inspirado no personagem norte-americano Yellow Kid, criado em 1895.<\/p>\n<p style=\"text-align: justify;\">Tamb\u00e9m em audi\u00eancia p\u00fablica na C\u00e2mara, a cartunista Laerte, com mais de 50 anos de atividade profissional, lembrou que a arte do quadrinho teve papel fundamental na luta contra a ditadura militar e na redemocratiza\u00e7\u00e3o do pa\u00eds com \u201ca linguagem da s\u00e1tira, da caricatura, da interven\u00e7\u00e3o pol\u00edtica\u201d.<\/p>\n<p style=\"text-align: justify;\">Na mesma ocasi\u00e3o, a presidente do <strong>Instituto Memorial das Artes Gr\u00e1ficas do Brasil (Imag)<\/strong>, <strong>Daniela Baptista<\/strong>, cobrou incentivos para manter a expans\u00e3o da arte e registrou que h\u00e1 quadrinhos feitos nas periferias, na regi\u00e3o amaz\u00f4nica e em produ\u00e7\u00f5es ind\u00edgenas.<\/p>\n<p style=\"text-align: justify;\">O presidente da <strong>Associa\u00e7\u00e3o dos Cartunistas do Brasil<\/strong>, <strong>Jos\u00e9 Alberto Lovetro<\/strong>, mais conhecido como <strong>Ja<\/strong>l, citou a relev\u00e2ncia da arte para a educa\u00e7\u00e3o. Lembrou que a ONU j\u00e1 homenageou <strong>Maur\u00edcio de Souza<\/strong>, criador da <strong>Turma da M\u00f4nica<\/strong>, pelo est\u00edmulo \u00e0 leitura e \u00e0 alfabetiza\u00e7\u00e3o. Tamb\u00e9m falou de pesquisa da Universidade de Bras\u00edlia (UnB) que mostrou o papel dos quadrinhos no aprendizado escolar.<\/p>\n<p style=\"text-align: justify;\">Jal ainda contou a experi\u00eancia pr\u00f3pria com crian\u00e7as e adolescentes da Funda\u00e7\u00e3o Casa, a antiga Febem de S\u00e3o Paulo, que desenharam as pr\u00f3prias HQs, o que serviu como \u201cuma terapia antiviol\u00eancia\u201d.<\/p>\n<p style=\"text-align: justify;\"><strong>Livraria do Senado<\/strong><br \/>\nPara baixar gratuitamente o PDF da HQ As aventuras de Nh\u00f4-Quim e Z\u00e9 Caipora: os primeiros quadrinhos brasileiros na Livraria do Senado, <strong><span style=\"color: #000080;\"><a style=\"color: #000080;\" href=\"https:\/\/livraria.senado.leg.br\/as-aventuras-de-nho-quim-e-ze-caipora\" target=\"_blank\" rel=\"noopener\">clique aqui<\/a><\/span><\/strong>.<\/p>\n<p><em>Fonte: Ag\u00eancia Senado<\/em><br \/>\n<em>Ilustra\u00e7\u00e3o: Pedro d\u2019Apremont<\/em><\/p>\n","protected":false},"excerpt":{"rendered":"<p>Comemorado em 30 de janeiro, o Dia do Quadrinho Nacional deve ganhar car\u00e1ter oficial em 2026. Um projeto de lei<\/p>\n","protected":false},"author":2,"featured_media":21567,"comment_status":"open","ping_status":"closed","sticky":false,"template":"","format":"standard","meta":{"sfsi_plus_gutenberg_text_before_share":"","sfsi_plus_gutenberg_show_text_before_share":"","sfsi_plus_gutenberg_icon_type":"","sfsi_plus_gutenberg_icon_alignemt":"","sfsi_plus_gutenburg_max_per_row":"","footnotes":""},"categories":[5,1],"tags":[3798,7852,7851],"class_list":["post-21565","post","type-post","status-publish","format-standard","has-post-thumbnail","hentry","category-noticias","category-ultimas-noticias","tag-dia-do-quadrinho-nacional","tag-juliana-cardoso-pt-sp","tag-pl-2-328-2024"],"_links":{"self":[{"href":"https:\/\/kriocomics.com.br\/site\/wp-json\/wp\/v2\/posts\/21565","targetHints":{"allow":["GET"]}}],"collection":[{"href":"https:\/\/kriocomics.com.br\/site\/wp-json\/wp\/v2\/posts"}],"about":[{"href":"https:\/\/kriocomics.com.br\/site\/wp-json\/wp\/v2\/types\/post"}],"author":[{"embeddable":true,"href":"https:\/\/kriocomics.com.br\/site\/wp-json\/wp\/v2\/users\/2"}],"replies":[{"embeddable":true,"href":"https:\/\/kriocomics.com.br\/site\/wp-json\/wp\/v2\/comments?post=21565"}],"version-history":[{"count":4,"href":"https:\/\/kriocomics.com.br\/site\/wp-json\/wp\/v2\/posts\/21565\/revisions"}],"predecessor-version":[{"id":21570,"href":"https:\/\/kriocomics.com.br\/site\/wp-json\/wp\/v2\/posts\/21565\/revisions\/21570"}],"wp:featuredmedia":[{"embeddable":true,"href":"https:\/\/kriocomics.com.br\/site\/wp-json\/wp\/v2\/media\/21567"}],"wp:attachment":[{"href":"https:\/\/kriocomics.com.br\/site\/wp-json\/wp\/v2\/media?parent=21565"}],"wp:term":[{"taxonomy":"category","embeddable":true,"href":"https:\/\/kriocomics.com.br\/site\/wp-json\/wp\/v2\/categories?post=21565"},{"taxonomy":"post_tag","embeddable":true,"href":"https:\/\/kriocomics.com.br\/site\/wp-json\/wp\/v2\/tags?post=21565"}],"curies":[{"name":"wp","href":"https:\/\/api.w.org\/{rel}","templated":true}]}}