{"id":22018,"date":"2026-09-02T01:03:56","date_gmt":"2026-09-02T04:03:56","guid":{"rendered":"https:\/\/kriocomics.com.br\/site\/?p=22018"},"modified":"2026-09-02T01:04:52","modified_gmt":"2026-09-02T04:04:52","slug":"jornalista-edna-pessanha-esteve-entre-os-membros-da-sociedade-civil-presentes-no-lancamento-do-quilombo-no-parlamento-2026","status":"publish","type":"post","link":"https:\/\/kriocomics.com.br\/site\/jornalista-edna-pessanha-esteve-entre-os-membros-da-sociedade-civil-presentes-no-lancamento-do-quilombo-no-parlamento-2026\/","title":{"rendered":"Jornalista Edna Pessanha esteve entre os membros da sociedade civil presentes no lan\u00e7amento do Quilombo no Parlamento 2026"},"content":{"rendered":"<p style=\"text-align: justify;\">No dia 29 de julho, a jornalista e diretora da <strong>Editora Kri\u00f4 Comics<\/strong>, <strong>Edna Pessanha<\/strong>, esteve presente no lan\u00e7amento do <strong>Quilombo no Parlamento 2026<\/strong>, que visa fortalecer candidaturas negras comprometidas com a justi\u00e7a racial, a democracia e a garantia de direitos, visando ampliar a representa\u00e7\u00e3o pol\u00edtica da popula\u00e7\u00e3o negra nos espa\u00e7os de poder.<\/p>\n<p><img loading=\"lazy\" decoding=\"async\" class=\"size-full wp-image-22020 aligncenter\" src=\"https:\/\/kriocomics.com.br\/site\/wp-content\/uploads\/2026\/09\/Edna-Pessanha-Quilombo-Nos-Parlamentos-1.jpg\" alt=\"\" width=\"600\" height=\"337\" srcset=\"https:\/\/kriocomics.com.br\/site\/wp-content\/uploads\/2026\/09\/Edna-Pessanha-Quilombo-Nos-Parlamentos-1.jpg 600w, https:\/\/kriocomics.com.br\/site\/wp-content\/uploads\/2026\/09\/Edna-Pessanha-Quilombo-Nos-Parlamentos-1-300x169.jpg 300w\" sizes=\"auto, (max-width: 600px) 100vw, 600px\" \/><\/p>\n<p style=\"text-align: justify;\">Por iniciativa da <strong>Coaliz\u00e3o Negra por Direitos<\/strong>, o evento reuniu mais de 150 pr\u00e9-candidaturas ligadas ao movimento negro nas elei\u00e7\u00f5es de 2026. Al\u00e9m das pr\u00e9-candidaturas, o encontro reuniu pensadores e pensadoras negras e negros objetivando provocar uma reflex\u00e3o a respeito do momento pol\u00edtico brasileiro assim como uma agenda de direitos humanos.<\/p>\n<p><img loading=\"lazy\" decoding=\"async\" class=\"size-full wp-image-22021 aligncenter\" src=\"https:\/\/kriocomics.com.br\/site\/wp-content\/uploads\/2026\/09\/Edna-Pessanha-Quilombo-Nos-Parlamentos-2.jpg\" alt=\"\" width=\"600\" height=\"337\" srcset=\"https:\/\/kriocomics.com.br\/site\/wp-content\/uploads\/2026\/09\/Edna-Pessanha-Quilombo-Nos-Parlamentos-2.jpg 600w, https:\/\/kriocomics.com.br\/site\/wp-content\/uploads\/2026\/09\/Edna-Pessanha-Quilombo-Nos-Parlamentos-2-300x169.jpg 300w\" sizes=\"auto, (max-width: 600px) 100vw, 600px\" \/><\/p>\n<p style=\"text-align: justify;\">O projeto j\u00e1 re\u00fane centenas de pr\u00e9-candidaturas de diferentes estados e integra a programa\u00e7\u00e3o do <strong>4\u00ba Encontro Internacional da Coaliz\u00e3o Negra por Direitos<\/strong>.<\/p>\n<p style=\"text-align: justify;\">O <strong>Quilombo no Parlamento<\/strong> teve sua primeira edi\u00e7\u00e3o em 2022, quando apoiou mais de 100 candidaturas negras em todo o pa\u00eds e resultou na elei\u00e7\u00e3o de 8 deputados(as) federais e 18 deputados(as) estaduais\/distritais em diversos estados e ainda outros 97 candidatos apoiados pela iniciativa ficaram como suplentes. Em 2026 a iniciativa busca ampliar essa articula\u00e7\u00e3o para o pr\u00f3ximo ciclo eleitoral, aproximando parlamentares, lideran\u00e7as do movimento negro, organiza\u00e7\u00f5es da sociedade civil e pr\u00e9-candidaturas em torno de uma agenda comum de incid\u00eancia pol\u00edtica.<\/p>\n<p><img loading=\"lazy\" decoding=\"async\" class=\"size-full wp-image-22022 aligncenter\" src=\"https:\/\/kriocomics.com.br\/site\/wp-content\/uploads\/2026\/09\/Edna-Pessanha-Quilombo-Nos-Parlamentos-3.jpg\" alt=\"\" width=\"600\" height=\"337\" srcset=\"https:\/\/kriocomics.com.br\/site\/wp-content\/uploads\/2026\/09\/Edna-Pessanha-Quilombo-Nos-Parlamentos-3.jpg 600w, https:\/\/kriocomics.com.br\/site\/wp-content\/uploads\/2026\/09\/Edna-Pessanha-Quilombo-Nos-Parlamentos-3-300x169.jpg 300w\" sizes=\"auto, (max-width: 600px) 100vw, 600px\" \/><\/p>\n<p style=\"text-align: justify;\">Durante o lan\u00e7amento, a Coaliz\u00e3o apresentou o <strong>Manifesto do Quilombo nos Parlamentos<\/strong> para as elei\u00e7\u00f5es de 2026, documento que re\u00fane os princ\u00edpios e prioridades pol\u00edticas da iniciativa para o pr\u00f3ximo pleito. As pr\u00e9-candidaturas participantes tamb\u00e9m aderiram \u00e0 Carta Compromisso, assumindo publicamente o compromisso com suas diretrizes.<\/p>\n<p style=\"text-align: justify;\">Entre os participantes estiveram: Benedita da Silva, Paulo Paim, Marina Silva, Anielle Franco, Leci Brand\u00e3o, \u00c1urea Carolina, Orlando Silva, Tal\u00edria Petrone, Erika Hilton, Eliete Paraguassu, Jones Manoel, Renato Freitas, Vilma Reis, Sueli Carneiro, Cida Bento, Douglas Belchior, H\u00e9lio Santos, artistas, jornalistas e representantes de organiza\u00e7\u00f5es da sociedade civil.<\/p>\n<p style=\"text-align: justify;\">A <strong>Coaliz\u00e3o Negra por Direitos<\/strong> re\u00fane mais de 300 organiza\u00e7\u00f5es, grupos e coletivos do movimento negro brasileiro. A articula\u00e7\u00e3o atua na incid\u00eancia pol\u00edtica junto ao Congresso Nacional, governos estaduais e municipais e organismos internacionais, como a Organiza\u00e7\u00e3o das Na\u00e7\u00f5es Unidas (ONU) e a Organiza\u00e7\u00e3o dos Estados Americanos (OEA).<\/p>\n<p><em>Da Reda\u00e7\u00e3o<\/em><\/p>\n","protected":false},"excerpt":{"rendered":"<p>No dia 29 de julho, a jornalista e diretora da Editora Kri\u00f4 Comics, Edna Pessanha, esteve presente no lan\u00e7amento do<\/p>\n","protected":false},"author":2,"featured_media":22019,"comment_status":"open","ping_status":"closed","sticky":false,"template":"","format":"standard","meta":{"colormag_page_container_layout":"default_layout","colormag_page_sidebar_layout":"default_layout","sfsi_plus_gutenberg_text_before_share":"","sfsi_plus_gutenberg_show_text_before_share":"","sfsi_plus_gutenberg_icon_type":"","sfsi_plus_gutenberg_icon_alignemt":"","sfsi_plus_gutenburg_max_per_row":"","footnotes":""},"categories":[5,6820],"tags":[],"class_list":["post-22018","post","type-post","status-publish","format-standard","has-post-thumbnail","hentry","category-noticias","category-novidades-da-krio"],"_links":{"self":[{"href":"https:\/\/kriocomics.com.br\/site\/wp-json\/wp\/v2\/posts\/22018","targetHints":{"allow":["GET"]}}],"collection":[{"href":"https:\/\/kriocomics.com.br\/site\/wp-json\/wp\/v2\/posts"}],"about":[{"href":"https:\/\/kriocomics.com.br\/site\/wp-json\/wp\/v2\/types\/post"}],"author":[{"embeddable":true,"href":"https:\/\/kriocomics.com.br\/site\/wp-json\/wp\/v2\/users\/2"}],"replies":[{"embeddable":true,"href":"https:\/\/kriocomics.com.br\/site\/wp-json\/wp\/v2\/comments?post=22018"}],"version-history":[{"count":2,"href":"https:\/\/kriocomics.com.br\/site\/wp-json\/wp\/v2\/posts\/22018\/revisions"}],"predecessor-version":[{"id":22024,"href":"https:\/\/kriocomics.com.br\/site\/wp-json\/wp\/v2\/posts\/22018\/revisions\/22024"}],"wp:featuredmedia":[{"embeddable":true,"href":"https:\/\/kriocomics.com.br\/site\/wp-json\/wp\/v2\/media\/22019"}],"wp:attachment":[{"href":"https:\/\/kriocomics.com.br\/site\/wp-json\/wp\/v2\/media?parent=22018"}],"wp:term":[{"taxonomy":"category","embeddable":true,"href":"https:\/\/kriocomics.com.br\/site\/wp-json\/wp\/v2\/categories?post=22018"},{"taxonomy":"post_tag","embeddable":true,"href":"https:\/\/kriocomics.com.br\/site\/wp-json\/wp\/v2\/tags?post=22018"}],"curies":[{"name":"wp","href":"https:\/\/api.w.org\/{rel}","templated":true}]}}