{"id":22026,"date":"2026-09-05T05:44:39","date_gmt":"2026-09-05T08:44:39","guid":{"rendered":"https:\/\/kriocomics.com.br\/site\/?p=22026"},"modified":"2026-09-05T05:50:54","modified_gmt":"2026-09-05T08:50:54","slug":"personagens-em-quadrinhos-da-editora-krio-comics-foram-destaque-na-1a-feira-literaria-de-embu-das-artes","status":"publish","type":"post","link":"https:\/\/kriocomics.com.br\/site\/personagens-em-quadrinhos-da-editora-krio-comics-foram-destaque-na-1a-feira-literaria-de-embu-das-artes\/","title":{"rendered":"Personagens em quadrinhos da Editora Kri\u00f4 Comics, foram destaque na 1\u00aa Feira Liter\u00e1ria de Embu das Artes"},"content":{"rendered":"<p style=\"text-align: justify;\">Nos dias 1 e 2 de agosto, a <strong>Editora Kri\u00f4 Comics, <\/strong>juntamente com o <strong>CAIAS \u2013 Coletivo Liter\u00e1rio da Universidade Zumbi dos Palmares<\/strong>, levou seus quadrinhos para a cidade de <strong>Embu das Artes<\/strong>, cuja voca\u00e7\u00e3o art\u00edstica \u00e9 nacionalmente reconhecida, para participar da 1\u00aa Feira Liter\u00e1ria da cidade.<\/p>\n<p><img loading=\"lazy\" decoding=\"async\" class=\"size-full wp-image-22028 aligncenter\" src=\"https:\/\/kriocomics.com.br\/site\/wp-content\/uploads\/2026\/09\/Editora-Krio-Comics-1a-Feira-Literaria-de-Embu-das-Artes-3.jpg\" alt=\"\" width=\"600\" height=\"337\" srcset=\"https:\/\/kriocomics.com.br\/site\/wp-content\/uploads\/2026\/09\/Editora-Krio-Comics-1a-Feira-Literaria-de-Embu-das-Artes-3.jpg 600w, https:\/\/kriocomics.com.br\/site\/wp-content\/uploads\/2026\/09\/Editora-Krio-Comics-1a-Feira-Literaria-de-Embu-das-Artes-3-300x169.jpg 300w\" sizes=\"auto, (max-width: 600px) 100vw, 600px\" \/><\/p>\n<p style=\"text-align: justify;\">Com o tema <strong>\u201cLer \u00e9 transformar vidas\u201d<\/strong>, a <strong>1\u00aa Feira Liter\u00e1ria de Embu das Artes<\/strong> aconteceu, no <strong>Centro Cultural Mestre Assis<\/strong> e reuniu escritores, educadores, estudantes e muitos leitores, que contribu\u00edram para consolidar esse evento no calend\u00e1rio da cidade.<\/p>\n<p style=\"text-align: justify;\">A programa\u00e7\u00e3o incluiu lan\u00e7amentos de livros, sess\u00f5es de aut\u00f3grafos, rodas de conversa e encontros liter\u00e1rios com autores de Embu das Artes, da capital, do interior de S\u00e3o Paulo e de outros estados.<\/p>\n<p><img loading=\"lazy\" decoding=\"async\" class=\"wp-image-22029 alignnone\" src=\"https:\/\/kriocomics.com.br\/site\/wp-content\/uploads\/2026\/09\/Editora-Krio-Comics-1a-Feira-Literaria-de-Embu-das-Artes-1.jpg\" alt=\"\" width=\"322\" height=\"573\" srcset=\"https:\/\/kriocomics.com.br\/site\/wp-content\/uploads\/2026\/09\/Editora-Krio-Comics-1a-Feira-Literaria-de-Embu-das-Artes-1.jpg 810w, https:\/\/kriocomics.com.br\/site\/wp-content\/uploads\/2026\/09\/Editora-Krio-Comics-1a-Feira-Literaria-de-Embu-das-Artes-1-169x300.jpg 169w, https:\/\/kriocomics.com.br\/site\/wp-content\/uploads\/2026\/09\/Editora-Krio-Comics-1a-Feira-Literaria-de-Embu-das-Artes-1-576x1024.jpg 576w, https:\/\/kriocomics.com.br\/site\/wp-content\/uploads\/2026\/09\/Editora-Krio-Comics-1a-Feira-Literaria-de-Embu-das-Artes-1-768x1365.jpg 768w, https:\/\/kriocomics.com.br\/site\/wp-content\/uploads\/2026\/09\/Editora-Krio-Comics-1a-Feira-Literaria-de-Embu-das-Artes-1-600x1067.jpg 600w\" sizes=\"auto, (max-width: 322px) 100vw, 322px\" \/> <img loading=\"lazy\" decoding=\"async\" class=\"alignnone wp-image-22030\" src=\"https:\/\/kriocomics.com.br\/site\/wp-content\/uploads\/2026\/09\/Editora-Krio-Comics-1a-Feira-Literaria-de-Embu-das-Artes-5.jpg\" alt=\"\" width=\"322\" height=\"573\" srcset=\"https:\/\/kriocomics.com.br\/site\/wp-content\/uploads\/2026\/09\/Editora-Krio-Comics-1a-Feira-Literaria-de-Embu-das-Artes-5.jpg 810w, https:\/\/kriocomics.com.br\/site\/wp-content\/uploads\/2026\/09\/Editora-Krio-Comics-1a-Feira-Literaria-de-Embu-das-Artes-5-169x300.jpg 169w, https:\/\/kriocomics.com.br\/site\/wp-content\/uploads\/2026\/09\/Editora-Krio-Comics-1a-Feira-Literaria-de-Embu-das-Artes-5-576x1024.jpg 576w, https:\/\/kriocomics.com.br\/site\/wp-content\/uploads\/2026\/09\/Editora-Krio-Comics-1a-Feira-Literaria-de-Embu-das-Artes-5-768x1365.jpg 768w, https:\/\/kriocomics.com.br\/site\/wp-content\/uploads\/2026\/09\/Editora-Krio-Comics-1a-Feira-Literaria-de-Embu-das-Artes-5-600x1067.jpg 600w\" sizes=\"auto, (max-width: 322px) 100vw, 322px\" \/><\/p>\n<p style=\"text-align: justify;\">Os artistas e escritores que participaram do evento, ficaram entusiasmados com o fato de Embu, que leva a palavra Arte em seu nome, com a reconhecida expertise e atua\u00e7\u00e3o no setor cultural, se tornar mais um espa\u00e7o de valoriza\u00e7\u00e3o e incentivo \u00e0 produ\u00e7\u00e3o liter\u00e1ria e de aproxima\u00e7\u00e3o entre autor e p\u00fablico.<\/p>\n<p style=\"text-align: justify;\">Diante do resultado alcan\u00e7ado, a Prefeitura da cidade, que promoveu o evento, projeta a segunda edi\u00e7\u00e3o para 2027.<\/p>\n<p><em>Da Reda\u00e7\u00e3o<\/em><\/p>\n","protected":false},"excerpt":{"rendered":"<p>Nos dias 1 e 2 de agosto, a Editora Kri\u00f4 Comics, juntamente com o CAIAS \u2013 Coletivo Liter\u00e1rio da Universidade<\/p>\n","protected":false},"author":2,"featured_media":22027,"comment_status":"open","ping_status":"closed","sticky":false,"template":"","format":"standard","meta":{"colormag_page_container_layout":"default_layout","colormag_page_sidebar_layout":"default_layout","sfsi_plus_gutenberg_text_before_share":"","sfsi_plus_gutenberg_show_text_before_share":"","sfsi_plus_gutenberg_icon_type":"","sfsi_plus_gutenberg_icon_alignemt":"","sfsi_plus_gutenburg_max_per_row":"","footnotes":""},"categories":[5],"tags":[],"class_list":["post-22026","post","type-post","status-publish","format-standard","has-post-thumbnail","hentry","category-noticias"],"_links":{"self":[{"href":"https:\/\/kriocomics.com.br\/site\/wp-json\/wp\/v2\/posts\/22026","targetHints":{"allow":["GET"]}}],"collection":[{"href":"https:\/\/kriocomics.com.br\/site\/wp-json\/wp\/v2\/posts"}],"about":[{"href":"https:\/\/kriocomics.com.br\/site\/wp-json\/wp\/v2\/types\/post"}],"author":[{"embeddable":true,"href":"https:\/\/kriocomics.com.br\/site\/wp-json\/wp\/v2\/users\/2"}],"replies":[{"embeddable":true,"href":"https:\/\/kriocomics.com.br\/site\/wp-json\/wp\/v2\/comments?post=22026"}],"version-history":[{"count":6,"href":"https:\/\/kriocomics.com.br\/site\/wp-json\/wp\/v2\/posts\/22026\/revisions"}],"predecessor-version":[{"id":22037,"href":"https:\/\/kriocomics.com.br\/site\/wp-json\/wp\/v2\/posts\/22026\/revisions\/22037"}],"wp:featuredmedia":[{"embeddable":true,"href":"https:\/\/kriocomics.com.br\/site\/wp-json\/wp\/v2\/media\/22027"}],"wp:attachment":[{"href":"https:\/\/kriocomics.com.br\/site\/wp-json\/wp\/v2\/media?parent=22026"}],"wp:term":[{"taxonomy":"category","embeddable":true,"href":"https:\/\/kriocomics.com.br\/site\/wp-json\/wp\/v2\/categories?post=22026"},{"taxonomy":"post_tag","embeddable":true,"href":"https:\/\/kriocomics.com.br\/site\/wp-json\/wp\/v2\/tags?post=22026"}],"curies":[{"name":"wp","href":"https:\/\/api.w.org\/{rel}","templated":true}]}}