{"id":22041,"date":"2026-09-05T10:28:35","date_gmt":"2026-09-05T13:28:35","guid":{"rendered":"https:\/\/kriocomics.com.br\/site\/?p=22041"},"modified":"2026-09-05T10:33:59","modified_gmt":"2026-09-05T13:33:59","slug":"olodum-lanca-cartilha-em-quadrinhos-sobre-a-independencia-da-bahia","status":"publish","type":"post","link":"https:\/\/kriocomics.com.br\/site\/olodum-lanca-cartilha-em-quadrinhos-sobre-a-independencia-da-bahia\/","title":{"rendered":"Olodum lan\u00e7a cartilha em quadrinhos sobre a Independ\u00eancia da Bahia"},"content":{"rendered":"<p style=\"text-align: justify;\">Publicada pela <strong>Edi\u00e7\u00f5es Olodum<\/strong> em coedi\u00e7\u00e3o com a <strong>Editora BFK Books<\/strong>, a obra reafirma o compromisso do Olodum com a educa\u00e7\u00e3o inter\u00e9tnica e antirracista, a valoriza\u00e7\u00e3o da mem\u00f3ria afro-brasileira e a democratiza\u00e7\u00e3o do conhecimento hist\u00f3rico. A iniciativa \u00e9 realizada pela <strong>Associa\u00e7\u00e3o Carnavalesca Bloco Afro Olodum<\/strong>, em parceria com a <strong>Pr\u00f3-Reitoria de Extens\u00e3o e Cultura da Universidade Federal do Rec\u00f4ncavo da Bahia (PROEXC\/UFRB)<\/strong>, com apoio financeiro da SECADI\/MEC.<\/p>\n<p style=\"text-align: justify;\">A coordena\u00e7\u00e3o geral e editorial \u00e9 de <strong>Mara Felipe<\/strong>, com revis\u00e3o hist\u00f3rica de <strong>Marcelo Gentil<\/strong>. A coedi\u00e7\u00e3o est\u00e1 a cargo da <strong>Editora BFK Books<\/strong>, sob a dire\u00e7\u00e3o da editora-chefe <strong>Caroline Borba<\/strong>. O roteiro foi escrito por <strong>V. B. Felipe<\/strong>, e o projeto gr\u00e1fico, a diagrama\u00e7\u00e3o, as ilustra\u00e7\u00f5es e a capa s\u00e3o assinados por <strong>Adelson Sena<\/strong>.<\/p>\n<p style=\"text-align: justify;\">Em linguagem acess\u00edvel e formato de hist\u00f3ria em quadrinhos, a publica\u00e7\u00e3o convida leitores de todas as idades a conhecerem a luta popular que consolidou a Independ\u00eancia do Brasil na Bahia, em 2 de julho de 1823. A narrativa destaca o protagonismo de mulheres e homens negros, ind\u00edgenas, caboclos e caboclas, soldados, marisqueiras, quituteiras e trabalhadores que enfrentaram as tropas portuguesas e transformaram a liberdade em uma conquista coletiva.<\/p>\n<p style=\"text-align: justify;\">Produzida com a participa\u00e7\u00e3o de jovens formados na <strong>Escola Olodum<\/strong>, a obra aproxima passado e presente ao mostrar que a independ\u00eancia foi resultado da mobiliza\u00e7\u00e3o popular e n\u00e3o apenas da a\u00e7\u00e3o de personagens isolados.<\/p>\n<p style=\"text-align: justify;\">Com tra\u00e7o contempor\u00e2neo e inspira\u00e7\u00e3o nas cores do Pelourinho, do Rec\u00f4ncavo e do pr\u00f3prio Olodum, o projeto visual combina a linguagem dos quadrinhos com a fun\u00e7\u00e3o pedag\u00f3gica do livro ilustrado. A experi\u00eancia \u00e9 ampliada por m\u00fasicas em ritmo de samba-reggae, QR Codes, sequ\u00eancias did\u00e1ticas e sugest\u00f5es pedag\u00f3gicas, refor\u00e7ando a proposta de um ensino de hist\u00f3ria decolonial, l\u00fadico e transformador.<\/p>\n<p style=\"text-align: justify;\">Mais do que revisitar um acontecimento hist\u00f3rico, a cartilha prop\u00f5e uma reflex\u00e3o sobre mem\u00f3ria, identidade e pertencimento. Quando o povo assume o direito de contar sua pr\u00f3pria hist\u00f3ria, a independ\u00eancia se transforma em mem\u00f3ria viva, consci\u00eancia cr\u00edtica e liberdade em permanente constru\u00e7\u00e3o.<\/p>\n<p style=\"text-align: justify;\">A programa\u00e7\u00e3o de lan\u00e7amento contou com uma apresenta\u00e7\u00e3o especial da <strong>Escola Olodum<\/strong>, que interpretou m\u00fasicas inspiradas na Independ\u00eancia da Bahia, incluindo uma vers\u00e3o in\u00e9dita do Hino do 2 de Julho em ritmo de samba-reggae.<\/p>\n<p style=\"text-align: justify;\">Ao final do evento, houve distribui\u00e7\u00e3o gratuita e limitada de exemplares da cartilha aos convidados, celebrando, ao som dos tambores, o dia em que o povo venceu.<\/p>\n<p><em>Da Reda\u00e7\u00e3o<\/em><br \/>\n<em>Fonte: <a href=\"https:\/\/sejaumescritor.com.br\/\" target=\"_blank\" rel=\"noopener\"><strong><span style=\"color: #000080;\">Seja um e Escritor<\/span><\/strong><\/a><\/em><\/p>\n","protected":false},"excerpt":{"rendered":"<p>Publicada pela Edi\u00e7\u00f5es Olodum em coedi\u00e7\u00e3o com a Editora BFK Books, a obra reafirma o compromisso do Olodum com a<\/p>\n","protected":false},"author":2,"featured_media":22042,"comment_status":"open","ping_status":"closed","sticky":false,"template":"","format":"standard","meta":{"colormag_page_container_layout":"default_layout","colormag_page_sidebar_layout":"default_layout","sfsi_plus_gutenberg_text_before_share":"","sfsi_plus_gutenberg_show_text_before_share":"","sfsi_plus_gutenberg_icon_type":"","sfsi_plus_gutenberg_icon_alignemt":"","sfsi_plus_gutenburg_max_per_row":"","footnotes":""},"categories":[5],"tags":[],"class_list":["post-22041","post","type-post","status-publish","format-standard","has-post-thumbnail","hentry","category-noticias"],"_links":{"self":[{"href":"https:\/\/kriocomics.com.br\/site\/wp-json\/wp\/v2\/posts\/22041","targetHints":{"allow":["GET"]}}],"collection":[{"href":"https:\/\/kriocomics.com.br\/site\/wp-json\/wp\/v2\/posts"}],"about":[{"href":"https:\/\/kriocomics.com.br\/site\/wp-json\/wp\/v2\/types\/post"}],"author":[{"embeddable":true,"href":"https:\/\/kriocomics.com.br\/site\/wp-json\/wp\/v2\/users\/2"}],"replies":[{"embeddable":true,"href":"https:\/\/kriocomics.com.br\/site\/wp-json\/wp\/v2\/comments?post=22041"}],"version-history":[{"count":2,"href":"https:\/\/kriocomics.com.br\/site\/wp-json\/wp\/v2\/posts\/22041\/revisions"}],"predecessor-version":[{"id":22044,"href":"https:\/\/kriocomics.com.br\/site\/wp-json\/wp\/v2\/posts\/22041\/revisions\/22044"}],"wp:featuredmedia":[{"embeddable":true,"href":"https:\/\/kriocomics.com.br\/site\/wp-json\/wp\/v2\/media\/22042"}],"wp:attachment":[{"href":"https:\/\/kriocomics.com.br\/site\/wp-json\/wp\/v2\/media?parent=22041"}],"wp:term":[{"taxonomy":"category","embeddable":true,"href":"https:\/\/kriocomics.com.br\/site\/wp-json\/wp\/v2\/categories?post=22041"},{"taxonomy":"post_tag","embeddable":true,"href":"https:\/\/kriocomics.com.br\/site\/wp-json\/wp\/v2\/tags?post=22041"}],"curies":[{"name":"wp","href":"https:\/\/api.w.org\/{rel}","templated":true}]}}