{"id":22052,"date":"2026-09-05T23:51:26","date_gmt":"2026-09-06T02:51:26","guid":{"rendered":"https:\/\/kriocomics.com.br\/site\/?p=22052"},"modified":"2026-09-05T23:51:26","modified_gmt":"2026-09-06T02:51:26","slug":"voce-conhece-o-mano-k-saiba-como-um-garoto-negro-e-pobre-da-periferia-se-transformou-em-super-heroi","status":"publish","type":"post","link":"https:\/\/kriocomics.com.br\/site\/voce-conhece-o-mano-k-saiba-como-um-garoto-negro-e-pobre-da-periferia-se-transformou-em-super-heroi\/","title":{"rendered":"Voc\u00ea conhece o Mano K? Saiba como um garoto negro e pobre da periferia se transformou em super-her\u00f3i"},"content":{"rendered":"<p style=\"text-align: center;\">Clique<strong>\u00a0<a href=\"https:\/\/kriocomics.com.br\/site\/produto\/revista-mano-k-no-1-versao-impressa\/\" target=\"_blank\" rel=\"noopener\"><span style=\"color: #000080;\">aqui<\/span><\/a><\/strong>\u00a0e compre seu exemplar<\/p>\n<p>&nbsp;<\/p>\n<p><img loading=\"lazy\" decoding=\"async\" class=\"size-full wp-image-22053 aligncenter\" src=\"https:\/\/kriocomics.com.br\/site\/wp-content\/uploads\/2026\/09\/Mano-K.jpg\" alt=\"\" width=\"300\" height=\"412\" srcset=\"https:\/\/kriocomics.com.br\/site\/wp-content\/uploads\/2026\/09\/Mano-K.jpg 300w, https:\/\/kriocomics.com.br\/site\/wp-content\/uploads\/2026\/09\/Mano-K-218x300.jpg 218w\" sizes=\"auto, (max-width: 300px) 100vw, 300px\" \/><\/p>\n<p>&nbsp;<\/p>\n<p style=\"text-align: justify;\"><strong>Mano K<\/strong> foi idealizado imaginando o que aconteceria se os meninos da s\u00e9rie Cidade dos Homens ganhassem superpoderes.<\/p>\n<p style=\"text-align: justify;\">Observando a hist\u00f3ria dos super-her\u00f3is brasileiros, percebe-se que a imensa maioria \u00e9 branca e de classe m\u00e9dia. Em virtude dos editores, roteiristas e desenhistas serem brancos, ou se sentirem brancos, al\u00e9m da influ\u00eancia do quadrinho de super-her\u00f3is americanos, que somente a partir dos anos setenta come\u00e7ou a permitir o protagonismo de personagens n\u00e3o brancos.<\/p>\n<p style=\"text-align: justify;\">N\u00e3o foi cogitado um super-her\u00f3i como os estadunidenses. Imaginou-se um menino n\u00e3o branco, de pele escura, pobre, perif\u00e9rico como a maioria dos brasileiros, recebendo poderes sobre-humanos.\u00a0N\u00e3o se imagina que ele agiria como um combatente do crime dada a marginaliza\u00e7\u00e3o que seus grupos sofrem. Ele \u00e9 um bom sujeito, tentaria fazer a coisa certa. Lutaria por sua fam\u00edlia, sua comunidade, ajudar as pessoas e talvez incomodar os poderosos.\u00a0O garoto seria um nerd, tentaria seguir certos clich\u00eas que aprendeu sobre super-her\u00f3is, mas a realidade demonstraria o contr\u00e1rio.<\/p>\n<p style=\"text-align: justify;\"><strong>Poderes do Mano K<\/strong><\/p>\n<p style=\"background: white; text-align: justify;\"><span style=\"font-family: 'Arial',sans-serif; color: #222222;\">Ele controla parte de uma energia escura de um deus do caos de outro universo. Dependendo de sua imagina\u00e7\u00e3o e for\u00e7a de vontade, ele pode manipular a realidade ao redor em v\u00e1rios n\u00edveis.\u00a0<\/span><span style=\"font-family: 'Arial',sans-serif; color: #222222;\">Esse deus \u00e9 uma entidade ainda sem mente que ocupa um universo inteiro. <\/span><span style=\"font-family: 'Arial',sans-serif; color: #222222;\">Anos atr\u00e1s um grupo de super-vil\u00f5es tentou usar o poder dessa criatura para se tornarem deuses.<\/span><\/p>\n<p style=\"background: white; text-align: justify;\"><span style=\"font-family: 'Arial',sans-serif; color: #222222;\">V\u00e1rios her\u00f3is da terra se juntaram contra eles, incluindo o pai do Mano K. A vit\u00f3ria dos her\u00f3is causou a altera\u00e7\u00e3o da realidade e muita coisa mudou no mundo do Mano K.\u00a0<\/span><span style=\"font-family: 'Arial',sans-serif; color: #222222;\">Poder: Ele pode transformar um grafite em um ser real por algum tempo, atravessar uma parede, voar.\u00a0<\/span><span style=\"font-family: 'Arial',sans-serif; color: #222222;\">Sua limita\u00e7\u00e3o est\u00e1 ligada a sua mente, a sua concentra\u00e7\u00e3o, a autoestima e a vontade. Se ele fraquejar seu poder fraqueja, se ele estiver firme faz milagres.\u00a0<\/span><span style=\"font-family: 'Arial',sans-serif; color: #222222;\">Com o tempo a ess\u00eancia desse deus vai tentar devor\u00e1-lo. Esse Deus \u00e9 um horror c\u00f3smico.<\/span><\/p>\n<p><strong>Pr\u00eamio e exposi\u00e7\u00f5es<\/strong><\/p>\n<p style=\"text-align: justify;\">A HQ n\u00ba 1 do <strong>Mano K<\/strong> foi contemplada com o pr\u00eamio de melhor publica\u00e7\u00e3o de 2023, pelo <strong>Canal Milhas &amp; Milhas do YouTube<\/strong>, especializado no segmento de quadrinhos. Ainda em 2023, o super-her\u00f3i <strong>Mano K<\/strong> foi selecionado para fazer parte da exposi\u00e7\u00e3o: <strong>Do Gibi aos Quadrinhos &#8211; Os Super-Her\u00f3is Brasileiros<\/strong>, que aconteceu no <strong>Centro Cultural Correios do Rio de Janeiro<\/strong>. Entre mais de cem personagens, <strong>Mano K<\/strong> foi um dos escolhidos para integrar a exposi\u00e7\u00e3o <strong>\u201cOs Super-Her\u00f3is Negros Brasileiros\u201d<\/strong>, que aconteceu no <strong>MUHCAB<\/strong>, <strong>Museu da Hist\u00f3ria e da Cultura Afro-brasileira<\/strong>, tamb\u00e9m na cidade do Rio de Janeiro, de 29 de junho a 28 de julho de 2024.<\/p>\n<p>A <strong>Editora Kri\u00f4 Comics<\/strong> \u00e9 uma empresa socialmente respons\u00e1vel, por meio da <strong>Kri\u00f4 Comics Solid\u00e1ria<\/strong>, bra\u00e7o social da <strong>Kri\u00f4 Comics,<\/strong> parte do valor de capa de cada uma de suas publica\u00e7\u00f5es \u00e9 destinado para um projeto ou a\u00e7\u00e3o social.<\/p>\n<p>&nbsp;<\/p>\n<p><em>Da Reda\u00e7\u00e3o<\/em><\/p>\n","protected":false},"excerpt":{"rendered":"<p>Clique\u00a0aqui\u00a0e compre seu exemplar &nbsp; &nbsp; Mano K foi idealizado imaginando o que aconteceria se os meninos da s\u00e9rie Cidade<\/p>\n","protected":false},"author":2,"featured_media":22054,"comment_status":"open","ping_status":"closed","sticky":false,"template":"","format":"standard","meta":{"colormag_page_container_layout":"default_layout","colormag_page_sidebar_layout":"default_layout","sfsi_plus_gutenberg_text_before_share":"","sfsi_plus_gutenberg_show_text_before_share":"","sfsi_plus_gutenberg_icon_type":"","sfsi_plus_gutenberg_icon_alignemt":"","sfsi_plus_gutenburg_max_per_row":"","footnotes":""},"categories":[6],"tags":[],"class_list":["post-22052","post","type-post","status-publish","format-standard","has-post-thumbnail","hentry","category-hqs"],"_links":{"self":[{"href":"https:\/\/kriocomics.com.br\/site\/wp-json\/wp\/v2\/posts\/22052","targetHints":{"allow":["GET"]}}],"collection":[{"href":"https:\/\/kriocomics.com.br\/site\/wp-json\/wp\/v2\/posts"}],"about":[{"href":"https:\/\/kriocomics.com.br\/site\/wp-json\/wp\/v2\/types\/post"}],"author":[{"embeddable":true,"href":"https:\/\/kriocomics.com.br\/site\/wp-json\/wp\/v2\/users\/2"}],"replies":[{"embeddable":true,"href":"https:\/\/kriocomics.com.br\/site\/wp-json\/wp\/v2\/comments?post=22052"}],"version-history":[{"count":1,"href":"https:\/\/kriocomics.com.br\/site\/wp-json\/wp\/v2\/posts\/22052\/revisions"}],"predecessor-version":[{"id":22055,"href":"https:\/\/kriocomics.com.br\/site\/wp-json\/wp\/v2\/posts\/22052\/revisions\/22055"}],"wp:featuredmedia":[{"embeddable":true,"href":"https:\/\/kriocomics.com.br\/site\/wp-json\/wp\/v2\/media\/22054"}],"wp:attachment":[{"href":"https:\/\/kriocomics.com.br\/site\/wp-json\/wp\/v2\/media?parent=22052"}],"wp:term":[{"taxonomy":"category","embeddable":true,"href":"https:\/\/kriocomics.com.br\/site\/wp-json\/wp\/v2\/categories?post=22052"},{"taxonomy":"post_tag","embeddable":true,"href":"https:\/\/kriocomics.com.br\/site\/wp-json\/wp\/v2\/tags?post=22052"}],"curies":[{"name":"wp","href":"https:\/\/api.w.org\/{rel}","templated":true}]}}