{"id":2387,"date":"2019-03-30T11:06:51","date_gmt":"2019-03-30T14:06:51","guid":{"rendered":"https:\/\/kriocomics.com.br\/site\/?p=2387"},"modified":"2019-04-01T22:06:33","modified_gmt":"2019-04-02T01:06:33","slug":"escritores-e-ilustradores-brasileiros-sao-reconhecidos-na-feira-do-livro-infantil-de-bolonha-na-italia","status":"publish","type":"post","link":"https:\/\/kriocomics.com.br\/site\/escritores-e-ilustradores-brasileiros-sao-reconhecidos-na-feira-do-livro-infantil-de-bolonha-na-italia\/","title":{"rendered":"Escritores e ilustradores brasileiros s\u00e3o reconhecidos na Feira do Livro Infantil de Bolonha, na It\u00e1lia"},"content":{"rendered":"<p style=\"text-align: center;\"><i>Selecionadas pela FNLIJ, seis obras liter\u00e1rias Positivo comp\u00f5em cat\u00e1logo internacional<\/i><\/p>\n<div>\n<p style=\"text-align: justify;\">Seis obras de literatura infantil publicadas pela Literatura Positivo em 2018 foram selecionadas para participar da Feira do Livro Infantil de Bolonha, na It\u00e1lia, entre os dias 1\u00ba e 4 de abril. Os livros comp\u00f5em o cat\u00e1logo<em>&nbsp;\u201cNLIJ&#8217;s Selection of Brazilian Writers, Illustrators and Publishers\u201d<\/em>, produzido especialmente para a participa\u00e7\u00e3o da Funda\u00e7\u00e3o Nacional do Livro Infantil e Juvenil (FNLIJ) na feira.<\/p>\n<p style=\"text-align: justify;\">Para a composi\u00e7\u00e3o desse cat\u00e1logo de sele\u00e7\u00e3o da FNLIJ, distribu\u00eddo durante a 56\u00aa edi\u00e7\u00e3o da Feira do Livro Infantil de Bolonha, foram selecionados 82 livros de autores brasileiros. Todos foram lan\u00e7ados no ano passado por editoras nacionais ou estrangeiras sediadas no Brasil. O Cat\u00e1logo contempla apenas livros de autores brasileiros e est\u00e1 separado por categorias: Fic\u00e7\u00e3o para Crian\u00e7as, Para Jovens, Livro sem Texto, Livro de N\u00e3o-fic\u00e7\u00e3o, Poesia, Hist\u00f3rias Recontadas e Literatura Secund\u00e1ria.<\/p>\n<p style=\"text-align: justify;\">Dentre as obras da Literatura Positivo, foram selecionadas: \u201cBichos da noite\u201d, de Mariana Ianelli com ilustra\u00e7\u00f5es de Odilon Moraes; \u201cCasa de passarinho\u201d, de Ana Rosa Costa e ilustra\u00e7\u00f5es de Odilon Moraes; \u201cUm livro pra gente morar\u201d, com organiza\u00e7\u00e3o de Silvia Oberg e ilustra\u00e7\u00f5es de Daniel Cabral; \u201cS\u00f3 de brincadeira\u201d, de Leo Cunha e ilustra\u00e7\u00f5es de Anna Cunha;&nbsp;\u201cA flor do mato\u201d, de Marcelo Pimentel; e a nova edi\u00e7\u00e3o de \u201cUma hist\u00f3ria pelo meio\u201d, de Elvira Vigna.&nbsp;Al\u00e9m disso, o livro \u201cOs trabalhos da m\u00e3o\u201d, de Alfredo Bosi com ilustra\u00e7\u00f5es de Nelson Cruz, vencedor do \u00faltimo Pr\u00eamio Jabuti, tamb\u00e9m est\u00e1 presente no cat\u00e1logo, por ter recebido o pr\u00eamio FNLIJ 2018 na categoria de obra de n\u00e3o fic\u00e7\u00e3o.<\/p>\n<\/div>\n<p>&nbsp;<\/p>\n<p><em>Da Reda\u00e7\u00e3o<\/em><br \/>\n<em>Central Press<\/em><\/p>\n","protected":false},"excerpt":{"rendered":"<p>Selecionadas pela FNLIJ, seis obras liter\u00e1rias Positivo comp\u00f5em cat\u00e1logo internacional Seis obras de literatura infantil publicadas pela Literatura Positivo em<\/p>\n","protected":false},"author":2,"featured_media":2388,"comment_status":"open","ping_status":"open","sticky":false,"template":"","format":"standard","meta":{"sfsi_plus_gutenberg_text_before_share":"","sfsi_plus_gutenberg_show_text_before_share":"","sfsi_plus_gutenberg_icon_type":"","sfsi_plus_gutenberg_icon_alignemt":"","sfsi_plus_gutenburg_max_per_row":"","footnotes":""},"categories":[5,1],"tags":[777,776],"class_list":["post-2387","post","type-post","status-publish","format-standard","has-post-thumbnail","hentry","category-noticias","category-ultimas-noticias","tag-fnlij","tag-fundacao-nacional-do-livro-infantil-e-juvenil"],"_links":{"self":[{"href":"https:\/\/kriocomics.com.br\/site\/wp-json\/wp\/v2\/posts\/2387","targetHints":{"allow":["GET"]}}],"collection":[{"href":"https:\/\/kriocomics.com.br\/site\/wp-json\/wp\/v2\/posts"}],"about":[{"href":"https:\/\/kriocomics.com.br\/site\/wp-json\/wp\/v2\/types\/post"}],"author":[{"embeddable":true,"href":"https:\/\/kriocomics.com.br\/site\/wp-json\/wp\/v2\/users\/2"}],"replies":[{"embeddable":true,"href":"https:\/\/kriocomics.com.br\/site\/wp-json\/wp\/v2\/comments?post=2387"}],"version-history":[{"count":1,"href":"https:\/\/kriocomics.com.br\/site\/wp-json\/wp\/v2\/posts\/2387\/revisions"}],"predecessor-version":[{"id":2389,"href":"https:\/\/kriocomics.com.br\/site\/wp-json\/wp\/v2\/posts\/2387\/revisions\/2389"}],"wp:featuredmedia":[{"embeddable":true,"href":"https:\/\/kriocomics.com.br\/site\/wp-json\/wp\/v2\/media\/2388"}],"wp:attachment":[{"href":"https:\/\/kriocomics.com.br\/site\/wp-json\/wp\/v2\/media?parent=2387"}],"wp:term":[{"taxonomy":"category","embeddable":true,"href":"https:\/\/kriocomics.com.br\/site\/wp-json\/wp\/v2\/categories?post=2387"},{"taxonomy":"post_tag","embeddable":true,"href":"https:\/\/kriocomics.com.br\/site\/wp-json\/wp\/v2\/tags?post=2387"}],"curies":[{"name":"wp","href":"https:\/\/api.w.org\/{rel}","templated":true}]}}