{"id":3712,"date":"2019-06-04T00:36:29","date_gmt":"2019-06-04T03:36:29","guid":{"rendered":"https:\/\/kriocomics.com.br\/site\/?p=3712"},"modified":"2019-06-17T20:54:19","modified_gmt":"2019-06-17T23:54:19","slug":"o-melhor-dos-quadrinhos-brasileiros-desembarca-em-lisboa","status":"publish","type":"post","link":"https:\/\/kriocomics.com.br\/site\/o-melhor-dos-quadrinhos-brasileiros-desembarca-em-lisboa\/","title":{"rendered":"O melhor dos quadrinhos brasileiros desembarca em Lisboa"},"content":{"rendered":"<div class=\"intro\">\n<p style=\"text-align: justify;\">O lan\u00e7amento do \u201cCat\u00e1logo HQ Brasil\u201d re\u00fane o melhor da produ\u00e7\u00e3o nacional contempor\u00e2nea de hist\u00f3rias em quadrinhos, numa iniciativa da Bienal de Quadrinhos de Curitiba e a Embaixada do Brasil em Lisboa.&nbsp;&nbsp;<!--more--><\/p>\n<p style=\"text-align: justify;\">Com 150 p\u00e1ginas, o livro \u00e9 um apanhado do que h\u00e1 de mais relevante no pa\u00eds. \u00c9rico Assis, editor do cat\u00e1logo ao lado da organiza\u00e7\u00e3o da Bienal de Quadrinhos, conta \u00e0 RFI como foi o processo de curadoria.<\/p>\n<\/div>\n<p style=\"text-align: justify;\">\u201cO convite veio com alguns par\u00e2metros em termos de representatividade, como respeitar todas as regi\u00f5es do Brasil, contemplar um n\u00famero pr\u00f3ximo de autores e autoras, escolher temas relacionados com a Hist\u00f3ria do Brasil, a cultura brasileira\u201d, relata. \u201cTamb\u00e9m decidimos limitar aos \u00faltimos dez anos de produ\u00e7\u00e3o, um per\u00edodo muito forte do quadrinho brasileiro.\u201d<\/p>\n<p style=\"text-align: justify;\">Entre os quadrinistas que fazem parte deste seleto cat\u00e1logo, est\u00e1 o premiado Andr\u00e9 Diniz, com \u201cMorro da Favela\u201d, que lhe valeu proje\u00e7\u00e3o internacional.<\/p>\n<p style=\"text-align: justify;\">\u201cFalar simplesmente que este cat\u00e1logo \u00e9 algo fant\u00e1stico \u00e9 falar pouco, pois muita gente n\u00e3o tem no\u00e7\u00e3o da dimens\u00e3o disso. H\u00e1 15 anos, o desfaio de um autor era publicar mesmo no Brasil: \u00e9ramos poucos, um lia o do outro e era um meio muito restrito\u201d, comenta Diniz. \u201cHoje, o quadrinho brasileiro chega na Europa, nos Estados Unidos, nos principais mercados e finalmente a gente consegue fazer uma ponte cultural com Portugal, nosso pa\u00eds irm\u00e3o.\u201d<\/p>\n<p style=\"text-align: justify;\">Rodrigo Rosa, que fez a adapta\u00e7\u00e3o em quadrinhos do cl\u00e1ssico \u201cGrande Sert\u00e3o: Veredas\u201d, acredita que o livro \u00e9 mais um passo na consolida\u00e7\u00e3o do momento forte que vive a categoria.<\/p>\n<p style=\"text-align: justify;\">\u201cO quadrinho brasileiro vive a sua fase de ouro no Brasil. Nunca se produziu tanto, nem tanta oportunidade de publica\u00e7\u00e3o, nunca se distribuiu tanto e nem se falou tanto no quadrinho brasileiro, n\u00e3o s\u00f3 no Brasil como no exterior\u201d, ressalta Rosa. \u201cOs autores brasileiros andam ganhando v\u00e1rios pr\u00eamios mundo afora. O cat\u00e1logo avaliza este momento e tenta condensar essa energia criativa, que \u00e9 realmente muito interessante e muito vasta\u201d, afirma o artista.<\/p>\n<p style=\"text-align: justify;\">As hist\u00f3rias em quadrinhos possuem uma longa tradi\u00e7\u00e3o no Brasil &#8211; remontam \u00e0 primeira metade do s\u00e9culo XIX. \u201c Desde ent\u00e3o, o setor cresceu e se tornou um dos mais consistentes nichos da economia criativa brasileira, transcendendo o dom\u00ednio editorial em dire\u00e7\u00e3o \u00e0s anima\u00e7\u00f5es para televis\u00e3o e cinema, aos parques tem\u00e1ticos, aos videogames e aos licenciamentos de numerosos objetos. Pelas p\u00e1ginas do cat\u00e1logo, propomos um encontro entre diplomacia e quadrinhos para benef\u00edcio da divulga\u00e7\u00e3o da cultura brasileira\u201d, enfatiza do embaixador do Brasil em Lisboa, Luiz Alberto Figueiredo.<\/p>\n<p>&nbsp;<\/p>\n<p><em>Por: Luciana Quaresma, correspondente da RFI em Lisboa<\/em><\/p>\n","protected":false},"excerpt":{"rendered":"<p>O lan\u00e7amento do \u201cCat\u00e1logo HQ Brasil\u201d re\u00fane o melhor da produ\u00e7\u00e3o nacional contempor\u00e2nea de hist\u00f3rias em quadrinhos, numa iniciativa da<\/p>\n","protected":false},"author":2,"featured_media":3713,"comment_status":"open","ping_status":"open","sticky":false,"template":"","format":"standard","meta":{"sfsi_plus_gutenberg_text_before_share":"","sfsi_plus_gutenberg_show_text_before_share":"","sfsi_plus_gutenberg_icon_type":"","sfsi_plus_gutenberg_icon_alignemt":"","sfsi_plus_gutenburg_max_per_row":"","footnotes":""},"categories":[5,1],"tags":[1501],"class_list":["post-3712","post","type-post","status-publish","format-standard","has-post-thumbnail","hentry","category-noticias","category-ultimas-noticias","tag-catalogo-hq-brasil"],"_links":{"self":[{"href":"https:\/\/kriocomics.com.br\/site\/wp-json\/wp\/v2\/posts\/3712","targetHints":{"allow":["GET"]}}],"collection":[{"href":"https:\/\/kriocomics.com.br\/site\/wp-json\/wp\/v2\/posts"}],"about":[{"href":"https:\/\/kriocomics.com.br\/site\/wp-json\/wp\/v2\/types\/post"}],"author":[{"embeddable":true,"href":"https:\/\/kriocomics.com.br\/site\/wp-json\/wp\/v2\/users\/2"}],"replies":[{"embeddable":true,"href":"https:\/\/kriocomics.com.br\/site\/wp-json\/wp\/v2\/comments?post=3712"}],"version-history":[{"count":1,"href":"https:\/\/kriocomics.com.br\/site\/wp-json\/wp\/v2\/posts\/3712\/revisions"}],"predecessor-version":[{"id":3714,"href":"https:\/\/kriocomics.com.br\/site\/wp-json\/wp\/v2\/posts\/3712\/revisions\/3714"}],"wp:featuredmedia":[{"embeddable":true,"href":"https:\/\/kriocomics.com.br\/site\/wp-json\/wp\/v2\/media\/3713"}],"wp:attachment":[{"href":"https:\/\/kriocomics.com.br\/site\/wp-json\/wp\/v2\/media?parent=3712"}],"wp:term":[{"taxonomy":"category","embeddable":true,"href":"https:\/\/kriocomics.com.br\/site\/wp-json\/wp\/v2\/categories?post=3712"},{"taxonomy":"post_tag","embeddable":true,"href":"https:\/\/kriocomics.com.br\/site\/wp-json\/wp\/v2\/tags?post=3712"}],"curies":[{"name":"wp","href":"https:\/\/api.w.org\/{rel}","templated":true}]}}