{"id":4143,"date":"2019-06-26T23:07:48","date_gmt":"2019-06-27T02:07:48","guid":{"rendered":"https:\/\/kriocomics.com.br\/site\/?p=4143"},"modified":"2019-07-04T22:33:33","modified_gmt":"2019-07-05T01:33:33","slug":"acontece-em-julho-no-centro-cultural-banco-do-brasil","status":"publish","type":"post","link":"https:\/\/kriocomics.com.br\/site\/acontece-em-julho-no-centro-cultural-banco-do-brasil\/","title":{"rendered":"Acontece em Julho no Centro Cultural Banco do Brasil"},"content":{"rendered":"<p style=\"text-align: justify;\">No m\u00eas das f\u00e9rias escolares, duas exposi\u00e7\u00f5es seguem em cartaz:<b>&nbsp;Paul Klee<\/b>&nbsp;\u2013 Equil\u00edbrio Inst\u00e1vel e&nbsp;<b>50 Anos de Realismo<\/b>&nbsp;\u2013 Do Fotorrealismo \u00e0 Realidade Virtual.<!--more--> A programa\u00e7\u00e3o de julho traz tamb\u00e9m os espet\u00e1culos&nbsp;<b>Por Que N\u00e3o Vivemos? Da obra Platonov<\/b>, de Anton Tchekhov e&nbsp;<b>Yellow Bastard<\/b>, al\u00e9m das mostras de cinema dedicadas ao ator&nbsp;<b>Robert De Niro&nbsp;<\/b>e ao escritor norte-americano&nbsp;<b>Stephen King<\/b>, e a 27\u00aa edi\u00e7\u00e3o do festival&nbsp;<b>Anima Mundi<\/b>.<\/p>\n<p><b>EXPOSI\u00c7\u00c3O<\/b><\/p>\n<p><b>PAUL KLEE \u2013 EQUIL\u00cdBRIO INST\u00c1VEL<\/b><\/p>\n<p>At\u00e9 12\/08<\/p>\n<p>1\u00ba andar e t\u00e9rreo<\/p>\n<p style=\"text-align: justify;\">Re\u00fane, pela primeira vez na Am\u00e9rica Latina, mais de 100 obras do su\u00ed\u00e7o Paul Klee (1879-1940). A exposi\u00e7\u00e3o conta com 16pinturas, 39 pap\u00e9is, 5 gravuras, 5 fantoches e 58 desenhos, al\u00e9m de objetos pessoais do artista. Ele transitou por diversos estilos, como o Cubismo, o Expressionismo, o Construtivismo e o Surrealismo, mas n\u00e3o cabe atribuir ao seu legado art\u00edstico nenhum em particular, tendo alcan\u00e7ado uma not\u00e1vel express\u00e3o pict\u00f3rica pr\u00f3pria, que refor\u00e7ou seu papel central na hist\u00f3ria moderna da arte.<\/p>\n<p>Curadoria: Fabienne Eggelhofer, do Zentrum Paul Klee, de Berna, na Su\u00ed\u00e7a.<\/p>\n<p>Retire seu ingresso pelo aplicativo Eventim (Apple Store e Google Play) ou na bilheteria do CCBB, mediante disponibilidade.<\/p>\n<p>Classifica\u00e7\u00e3o indicativa: livre<\/p>\n<p>Entrada franca<\/p>\n<p>Assessoria de imprensa:<\/p>\n<p>Ag\u00eancia Galo \u2013 (21)4063-7021 &#8211;&nbsp;<strong><span style=\"color: #000080;\"><a style=\"color: #000080;\" href=\"mailto:contato@agenciagalo.com\" target=\"_blank\" rel=\"noopener noreferrer\"><span class=\"clickable ClickableEmail inactive\">contato@agenciagalo.com<\/span><\/a><\/span><\/strong><\/p>\n<p><b>50 ANOS DE REALISMO \u2013 DO FOTORREALISMO \u00c0 REALIDADE VIRTUAL<br \/>\n<\/b><br \/>\nAt\u00e9 29\/07<\/p>\n<p>2\u00ba andar e t\u00e9rreo<\/p>\n<p style=\"text-align: justify;\">A mostra apresenta cerca de 100 obras das \u00faltimas cinco d\u00e9cadas, entre pinturas, esculturas, v\u00eddeos e instala\u00e7\u00f5es interativas, de 30 artistas, como John Salt e Ralph Goings, Ben Johnson, Craig Wylie, Javier Banegas, Raphaella Spence, Simon Hennessey, John De Andrea e os brasileiros Hildebrando de Castro, F\u00e1bio Magalh\u00e3es, Rafael Carneiro e Giovanni Caramello. A exposi\u00e7\u00e3o faz um recorte in\u00e9dito da realidade na arte e tem espa\u00e7os exclusivos destinados a obras tridimensionais de escultores de diferentes gera\u00e7\u00f5es do Hiper-Realismo, modelos em 3D e realidade virtual.<\/p>\n<p>Curadoria: Tereza de Arruda<\/p>\n<p>Retire seu ingresso pelo aplicativo Eventim (Apple Store e Google Play) ou na bilheteria do CCBB, mediante disponibilidade.<\/p>\n<p>Classifica\u00e7\u00e3o indicativa: livre<\/p>\n<p>Entrada franca<\/p>\n<p>Assessoria de imprensa:<\/p>\n<p>Meisei Halabi \u2013 (21)2542-4488 &#8211;&nbsp;<strong><span style=\"color: #000080;\"><a style=\"color: #000080;\" href=\"mailto:meisehalabipr@gmail.com\" target=\"_blank\" rel=\"noopener noreferrer\"><span class=\"clickable ClickableEmail inactive\">meisehalabipr@gmail.com<\/span><\/a><\/span><\/strong><\/p>\n<p><b>TEATRO<\/b><\/p>\n<p>POR QUE N\u00c3O VIVEMOS? Da obra PLATONOV, de Anton Tchekhov<\/p>\n<p>03\/07 a 18\/08<\/p>\n<p>Quarta a domingo \u2013 20h<\/p>\n<p>Pr\u00e9-estreia \u2013 1\u00ba e 2\/7. Entrada franca. Senhas distribu\u00eddas 1 hora antes do in\u00edcio.<\/p>\n<p>Sess\u00e3o extra: 08\/07<\/p>\n<p>N\u00e3o haver\u00e1 sess\u00f5es nos dias 19, 20 e 21\/07.<\/p>\n<p>Teatro I<\/p>\n<p style=\"text-align: justify;\">A pe\u00e7a trata de temas recorrentes em toda obra de Anton Tchekhov, como o conflito entre gera\u00e7\u00f5es, as transforma\u00e7\u00f5es sociais atrav\u00e9s das mudan\u00e7as internas do indiv\u00edduo, as quest\u00f5es do homem comum e do pequeno que existe em cada um de n\u00f3s, o legado para as gera\u00e7\u00f5es futuras, tudo isso na fronteira entre o drama e a com\u00e9dia e com m\u00faltiplas linhas narrativas.<\/p>\n<p style=\"text-align: justify;\">Elenco: Camila Pitanga, Cris Larin, Edson Rocha, Josi Lopes, Kau\u00ea Personna, Rodrigo Bolzan, Rodrigo Ferrarini, Rodrigo dos Santos. Dire\u00e7\u00e3o: Marcio Abreu. Adapta\u00e7\u00e3o: Marcio Abreu, Nadja Naira e Giovana Soar.<\/p>\n<p>Classifica\u00e7\u00e3o indicativa: 16+<\/p>\n<p>Dura\u00e7\u00e3o: 150 minutos<\/p>\n<p>Ingressos: R$30<\/p>\n<p>Assessoria de imprensa:<\/p>\n<p>Paula Catunda \u2013 (21)2286-6583 \u2013&nbsp;<strong><span style=\"color: #000080;\"><a style=\"color: #000080;\" href=\"mailto:paula.catunda@gmail.com\" target=\"_blank\" rel=\"noopener noreferrer\"><span class=\"clickable ClickableEmail inactive\">paula.catunda@gmail.com<\/span><\/a><\/span><\/strong><\/p>\n<p><b>A PONTE<\/b><\/p>\n<p>20\/06 a 12\/08<\/p>\n<p>Quinta a segunda &#8211; 19h30<\/p>\n<p>Teatro II<\/p>\n<p style=\"text-align: justify;\">A Ponte, do dramaturgo canadense Daniel Maclvor, aborda a intimidade familiar de tr\u00eas irm\u00e3s separadas pela vida que se reencontram para enfrentar a morte iminente da m\u00e3e: Louise, a mais jovem, desconectada da sociedade e viciada em seriados de TV; Agnes, a irm\u00e3 do meio, uma atriz falida que deixou sua cidade natal; e Teresa, a mais velha, uma freira que se isolou da fam\u00edlia em um retiro religioso. Neste reencontro, as tr\u00eas v\u00e3o acabar revendo seus valores, cren\u00e7as e diferen\u00e7as em busca da poss\u00edvel reconstru\u00e7\u00e3o de uma c\u00e9lula familiar h\u00e1 muito tempo fragmentada.<\/p>\n<p>Elenco: Bel Kowarick, Debora Lamm e Maria Flor. Dire\u00e7\u00e3o: Adriano Guimar\u00e3es.<\/p>\n<p>Classifica\u00e7\u00e3o indicativa: 12+<\/p>\n<p>Dura\u00e7\u00e3o: 120 minutos<\/p>\n<p>Ingressos: R$30<\/p>\n<p>Assessoria de imprensa:<\/p>\n<p>Marcelo Gusm\u00e3o \u2013 (21)96020-7349 &#8211;&nbsp;<strong><span style=\"color: #000080;\"><a style=\"color: #000080;\" href=\"mailto:marcelo@binomiocomunicacao.com\" target=\"_blank\" rel=\"noopener noreferrer\"><span class=\"clickable ClickableEmail inactive\">marcelo@binomiocomunicacao.com<\/span><\/a><\/span><\/strong><\/p>\n<p><b>YELLOW BASTARD<\/b><\/p>\n<p>At\u00e9 18\/08<\/p>\n<p>Quarta a domingo \u2013 19h30<\/p>\n<p>Teatro III<\/p>\n<p style=\"text-align: justify;\">D\u00e9cima cria\u00e7\u00e3o da companhia Teatro Inomin\u00e1vel, o mon\u00f3logo apresenta a hist\u00f3ria de um ser extraterrestre que, h\u00e1 d\u00e9cadas, cumpre penit\u00eancia no planeta Terra. Agora ele retorna ao seu planeta natal, n\u00e3o sem antes deixar um relato sobre os acontecimentos e experi\u00eancias vivenciados neste per\u00edodo.<\/p>\n<p>Interpreta\u00e7\u00e3o: M\u00e1rcio Machado. Dire\u00e7\u00e3o: Andr\u00eaas Gatto e Diogo Liberano. Dramaturgia: Diogo Liberano.<\/p>\n<p>Classifica\u00e7\u00e3o indicativa: 18+<\/p>\n<p>Dura\u00e7\u00e3o: 80 minutos<\/p>\n<p>Ingressos: R$30<\/p>\n<p>Assessoria de imprensa:<\/p>\n<p>Lyvia Rodrigues \u2013 (21)3490-6214 &#8211;&nbsp;<strong><span style=\"color: #000080;\"><a style=\"color: #000080;\" href=\"mailto:contato@aquelaquedivulga.com.br\" target=\"_blank\" rel=\"noopener noreferrer\"><span class=\"clickable ClickableEmail inactive\">contato@aquelaquedivulga.com.br<\/span><\/a><\/span><\/strong><\/p>\n<p><b>M\u00daSICA<\/b><\/p>\n<p>M\u00daSICA NO MUSEU<\/p>\n<p>Sala 26 (4\u00ba andar)<\/p>\n<p>Quartas-feiras \u2013 12h30<\/p>\n<p style=\"text-align: justify;\">O projeto tem por objetivo a forma\u00e7\u00e3o de plateias e estimular a m\u00fasica de concerto, sendo realizado em diversos museus e centros culturais da cidade. Todas as quartas-feiras no CCBB. Consulte a programa\u00e7\u00e3o em<strong><span style=\"color: #000080;\">&nbsp;<\/span><\/strong><a href=\"http:\/\/www.musicanomuseu.com.br\/\" target=\"_blank\" rel=\"noopener noreferrer\"><strong><span style=\"color: #000080;\">www.musicanomuseu.com.br<\/span><\/strong><\/a><\/p>\n<p>Curadoria: S\u00e9rgio da Costa e Silva<\/p>\n<p>Classifica\u00e7\u00e3o indicativa: livre<\/p>\n<p>&nbsp;<\/p>\n<p><b>CINEMA<\/b><\/p>\n<p>DE NIRO<\/p>\n<p>At\u00e9 15\/07<\/p>\n<p>Quarta a segunda<\/p>\n<p>Cinema I<\/p>\n<p style=\"text-align: justify;\">A mostra re\u00fane diversos filmes com o ator Robert de Niro, que trabalhou com mestres da dire\u00e7\u00e3o como Martin Scorsese, Bernardo Bertolucci, Quentin Tarantino e Sergio Leone, e atuou nos mais diversos g\u00eaneros cinematogr\u00e1ficos, do drama pol\u00edtico \u00e0 com\u00e9dia rom\u00e2ntica. A trajet\u00f3ria deste ator ilustra o melhor do cinema dos \u00faltimos 50 anos.<\/p>\n<p>Curadoria: F\u00e1bio Savino.&nbsp;<\/p>\n<p>Confira a programa\u00e7\u00e3o no folder da mostra.<\/p>\n<p>Classifica\u00e7\u00e3o indicativa de acordo com o filme.<\/p>\n<p>Ingressos: R$5<\/p>\n<p><b>DI\u00c1LOGOS COM A PROGRAMA\u00c7\u00c3O \u2013 Cinema &#8211; DE NIRO<\/b><\/p>\n<p>04\/07<\/p>\n<p>Cinema I<\/p>\n<p style=\"text-align: justify;\">Debate com a participa\u00e7\u00e3o com o curador Paulo Lima Santos e o cr\u00edtico de cinema e pesquisador Luiz Carlos Oliveira J\u00fanior.<\/p>\n<p>Entrada franca.<\/p>\n<p>Confira a classifica\u00e7\u00e3o indicativa e o hor\u00e1rio no livreto da mostra.<\/p>\n<p>Assessoria de imprensa:<br \/>\nClaudia Oliveira &#8211; (21)2512-5742 &#8211;&nbsp;<a href=\"mailto:claudiamac.oliveira@gmail.com\" target=\"_blank\" rel=\"noopener noreferrer\"><span class=\"clickable ClickableEmail inactive\"><strong><span style=\"color: #000080;\">claudiamac.oliveira@gmail.com<\/span><\/strong><\/span><\/a><br \/>\n<b><br \/>\nANIMA MUNDI 2019<\/b><\/p>\n<p>17 a 21\/07<\/p>\n<p>Quarta a domingo<\/p>\n<p>Cinemas I e II<\/p>\n<p style=\"text-align: justify;\">A edi\u00e7\u00e3o de 2019 \u00e9 a 27\u00aa da hist\u00f3ria do Festival e ser\u00e1 composta por filmes de anima\u00e7\u00e3o, entre longas-metragens e curtas-metragens, dos mais diversos g\u00eaneros (adulto, infantil, document\u00e1rio), sintetizando o melhor da anima\u00e7\u00e3o produzida atualmente. O programa inclui mostras competitivas e n\u00e3o competitivas, cerim\u00f4nia de premia\u00e7\u00e3o, encontros com convidados e oficinas.<\/p>\n<p>Curadoria: A\u00edda Queiroz, Cesar Coelho, Lea Zagury e Marcos Magalh\u00e3es.&nbsp;<\/p>\n<p>Confira a programa\u00e7\u00e3o no folder da mostra.<\/p>\n<p>Classifica\u00e7\u00e3o indicativa de acordo com o filme.<\/p>\n<p>Entrada franca.<\/p>\n<p>Assessoria de imprensa:<br \/>\nAnna Luiza Muller \u2013 (21)2266-0524 &#8211;&nbsp;<strong><span style=\"color: #000080;\"><a style=\"color: #000080;\" href=\"mailto:annaluiza@primeiroplanocom.com.br\" target=\"_blank\" rel=\"noopener noreferrer\"><span class=\"clickable ClickableEmail inactive\">annaluiza@primeiroplanocom.com.br<\/span><\/a><\/span><\/strong><\/p>\n<p><b>STEPHEN KING: O MEDO \u00c9 SEU MELHOR COMPANHEIRO<\/b><\/p>\n<p>24\/07 a 19\/08<\/p>\n<p>Quarta a segunda<\/p>\n<p>Cinemas I e II<\/p>\n<p style=\"text-align: justify;\">Retrospectiva in\u00e9dita que re\u00fane mais de 40 filmes baseados na obra liter\u00e1ria de Stephen King. Entre os t\u00edtulos selecionados est\u00e3o cl\u00e1ssicos do suspense e do terror, como Carrie, a estranha, It &#8211; uma obra prima do medo, Christine, o carro assassino e Louca obsess\u00e3o. A programa\u00e7\u00e3o inclui tamb\u00e9m mesas de debates e aula magna.<\/p>\n<p>Curadoria: Breno Lira Gomes e Rita Ribeiro.&nbsp;<\/p>\n<p>Confira a programa\u00e7\u00e3o no folder da mostra.<\/p>\n<p>Classifica\u00e7\u00e3o indicativa de acordo com o filme.<\/p>\n<p>Ingressos: R$10<\/p>\n<p><b>DI\u00c1LOGOS COM A PROGRAMA\u00c7\u00c3O \u2013 Cinema &#8211; STEPHEN KING: O MEDO \u00c9 SEU MELHOR COMPANHEIRO<\/b><\/p>\n<p>24\/07<\/p>\n<p>Cinema I<\/p>\n<p style=\"text-align: justify;\">Debate ap\u00f3s a sess\u00e3o do filme Carrie, a estranha, com participa\u00e7\u00e3o dos curadores Rita Ribeiro e Breno Lira Gomes e do cr\u00edtico de cinema Mario Abbade.<\/p>\n<p>Entrada franca.<\/p>\n<p>Confira a classifica\u00e7\u00e3o indicativa e o hor\u00e1rio no livreto da mostra.<\/p>\n<p>Assessoria de imprensa:<br \/>\nPaula Ferraz &#8211; (11)97067-8585 \u2013&nbsp;<strong><span style=\"color: #000080;\"><a style=\"color: #000080;\" href=\"mailto:paula.nferraz@gmail.com\" target=\"_blank\" rel=\"noopener noreferrer\"><span class=\"clickable ClickableEmail inactive\">paula.nferraz@gmail.com<\/span><\/a><\/span><\/strong><\/p>\n<p><b>GALERIA DE VALORES<\/b><\/p>\n<p>Museu Banco do Brasil \u2013 09 \u00e0s 21h<\/p>\n<p>Quarta a segunda<\/p>\n<p style=\"text-align: justify;\">Exposi\u00e7\u00e3o de longa dura\u00e7\u00e3o que apresenta a trajet\u00f3ria da moeda no Brasil e no mundo, com cerca de 2 mil pe\u00e7as do acervo numism\u00e1tico do Banco do Brasil.<\/p>\n<p style=\"text-align: justify;\">Venha conhecer materiais curiosos que j\u00e1 foram ou continuam sendo usados como dinheiro!<\/p>\n<p>Curadoria: Denise Mattar<br \/>\n&nbsp;<br \/>\n<b><br \/>\nO BANCO DO BRASIL E SUA HIST\u00d3RIA<\/b><\/p>\n<p>Museu Banco do Brasil \u2013 09h \u00e0s 21h<\/p>\n<p>Quarta a segunda<\/p>\n<p style=\"text-align: justify;\">Exposi\u00e7\u00e3o de longa dura\u00e7\u00e3o que apresenta a hist\u00f3ria do Banco do Brasil e sua contribui\u00e7\u00e3o para o desenvolvimento da sociedade e do pa\u00eds. As quatro salas mostram a linha do tempo de 1808 at\u00e9 os dias atuais, destacando os acervos museol\u00f3gico e arquiv\u00edstico do Banco do Brasil. Outros tr\u00eas ambientes apresentam a sala do secret\u00e1rio, a sala do presidente e a biblioteca utilizadas pela Dire\u00e7\u00e3o Geral do Banco do Brasil at\u00e9 a transfer\u00eancia da capital do Rio para Bras\u00edlia, em 1960.<\/p>\n<p>Curadoria: M\u2019Barak\u00e1 e CCBB Rio<\/p>\n<p><b>ARQUIVO HIST\u00d3RICO<\/b><\/p>\n<p>6\u00ba andar \u2013 10h \u00e0s 19h<\/p>\n<p>Segunda, quarta, quinta e sexta<\/p>\n<p style=\"text-align: justify;\">Acervos arquiv\u00edstico e audiovisual do Banco do Brasil e da Mem\u00f3ria CCBB para pesquisa e consulta dos estudantes e p\u00fablico em geral. Atendimento com agendamento telef\u00f4nico pr\u00e9vio no 3808-2353.<\/p>\n<p><b><br \/>\nCCBB EDUCATIVO<\/b><\/p>\n<p>1\u00ba andar<\/p>\n<p>Quarta a segunda \u2013 09h \u00e0s 21h<\/p>\n<p style=\"text-align: justify;\">O programa Arte &amp; Educa\u00e7\u00e3o desenvolve a\u00e7\u00f5es que estimulam experi\u00eancia, cria\u00e7\u00e3o, investiga\u00e7\u00e3o e reflex\u00e3o para todos os p\u00fablicos, garantindo acesso amplo e inclusivo ao patrim\u00f4nio e sua diversidade.<\/p>\n<p style=\"text-align: justify;\">Agendamentos para grupos, escolas, institui\u00e7\u00f5es e pessoas com defici\u00eancia:<\/p>\n<p><strong><span style=\"color: #000080;\"><a style=\"color: #000080;\" href=\"mailto:agendamentorj@ccbbeducativo.com\" target=\"_blank\" rel=\"noopener noreferrer\"><span class=\"clickable ClickableEmail inactive\">agendamentorj@ccbbeducativo.com<\/span><\/a><\/span><\/strong><\/p>\n<p>Mais informa\u00e7\u00f5es:&nbsp;<a href=\"mailto:contatorj@ccbbeducativo.com\" target=\"_blank\" rel=\"noopener noreferrer\"><span class=\"clickable ClickableEmail inactive\">contatorj@ccbbeducativo.com<\/span><\/a><\/p>\n<p>Programa\u00e7\u00e3o completa e inscri\u00e7\u00f5es em: <strong><span style=\"color: #000080;\"><a style=\"color: #000080;\" href=\"http:\/\/ccbbeducativo.com\" target=\"_blank\" rel=\"noopener noreferrer\">ccbbeducativo.com<\/a><\/span><\/strong><\/p>\n<p>&nbsp;<\/p>\n<p>Destaque do m\u00eas | Especial F\u00e9rias<\/p>\n<p style=\"text-align: justify;\">No m\u00eas de julho, o Programa CCBB Educativo oferece atividades desenhadas especialmente para as f\u00e9rias escolares, incluindo conta\u00e7\u00e3o de hist\u00f3rias, edi\u00e7\u00f5es especiais de nosso Lugar de Cria\u00e7\u00e3o, oficinas para beb\u00eas e uma edi\u00e7\u00e3o do M\u00faltiplo Ancestral para crian\u00e7as e adolescentes dan\u00e7arem.<\/p>\n<p>&nbsp;<\/p>\n<p>Assessoria de imprensa:<br \/>\nAnna Accioly &#8211; (21)2508-8900 &#8211;&nbsp;<strong><span style=\"color: #000080;\"><a style=\"color: #000080;\" href=\"mailto:annaaccioly@gmail.com\" target=\"_blank\" rel=\"noopener noreferrer\"><span class=\"clickable ClickableEmail inactive\">annaaccioly@gmail.com<\/span><\/a><\/span><\/strong><\/p>\n<p>&nbsp;<br \/>\n<b><br \/>\nServi\u00e7os<\/b><\/p>\n<p>Confeitaria Colombo &#8211; Casa de ch\u00e1<\/p>\n<p>2\u00b0 andar<\/p>\n<p style=\"text-align: justify;\">Novo espa\u00e7o da Colombo, que traz em seu card\u00e1pio, os produtos que fazem parte da hist\u00f3ria da confeitaria, e um tradicional Ch\u00e1 da tarde que recebeu o nome do Centro Cultural. O ch\u00e1 CCBB \u00e9 acompanhado de torrada Petr\u00f3polis, mel, geleia, bolo, doce, suco, p\u00e3es e biscoitos leque, todos os produtos feitos na sede da casa centen\u00e1ria.&nbsp;<\/p>\n<p>&nbsp;<br \/>\n<b><br \/>\nRestaurante e Cafeteria Lilia<\/b><\/p>\n<p>T\u00e9rreo<\/p>\n<p style=\"text-align: justify;\">A cafeteria oferece op\u00e7\u00f5es de lanches doces e salgados para os visitantes durante todo o funcionamento do CCBB e no mezanino, de 11h30 \u00e0s 15h, o restaurante traz op\u00e7\u00f5es para o almo\u00e7o.<\/p>\n<p>&nbsp;<br \/>\n<b><br \/>\nLivraria da Travessa<\/b><\/p>\n<p>T\u00e9rreo<\/p>\n<p style=\"text-align: justify;\">\u00c9 poss\u00edvel encontrar cat\u00e1logos de mostras atuais e anteriores, al\u00e9m de centenas de t\u00edtulos em livros nacionais, livros importados, eBooks, AudioBooks, DVDs e Blu-Rays.<\/p>\n<p>&nbsp;<\/p>\n<p><u>Mais Informa\u00e7\u00f5es<\/u><\/p>\n<p>Centro Cultural Banco do Brasil<\/p>\n<p>Rua Primeiro de Mar\u00e7o, 66, Centro \u2013 Rio de Janeiro \u2013 RJ<\/p>\n<p>Quarta a segunda, das 9h \u00e0s 21h.<\/p>\n<p>Bilheteria: Quarta a segunda, das 9h \u00e0s 21h.<\/p>\n<p>&nbsp;<\/p>\n<p><em>Por: Bianca Mello<\/em><\/p>\n<p>&nbsp;<\/p>\n","protected":false},"excerpt":{"rendered":"<p>No m\u00eas das f\u00e9rias escolares, duas exposi\u00e7\u00f5es seguem em cartaz:&nbsp;Paul Klee&nbsp;\u2013 Equil\u00edbrio Inst\u00e1vel e&nbsp;50 Anos de Realismo&nbsp;\u2013 Do Fotorrealismo \u00e0<\/p>\n","protected":false},"author":2,"featured_media":4144,"comment_status":"open","ping_status":"open","sticky":false,"template":"","format":"standard","meta":{"sfsi_plus_gutenberg_text_before_share":"","sfsi_plus_gutenberg_show_text_before_share":"","sfsi_plus_gutenberg_icon_type":"","sfsi_plus_gutenberg_icon_alignemt":"","sfsi_plus_gutenburg_max_per_row":"","footnotes":""},"categories":[1],"tags":[356,788],"class_list":["post-4143","post","type-post","status-publish","format-standard","has-post-thumbnail","hentry","category-ultimas-noticias","tag-ccbb","tag-centro-cultural-banco-do-brasil-rio-de-janeiro"],"_links":{"self":[{"href":"https:\/\/kriocomics.com.br\/site\/wp-json\/wp\/v2\/posts\/4143","targetHints":{"allow":["GET"]}}],"collection":[{"href":"https:\/\/kriocomics.com.br\/site\/wp-json\/wp\/v2\/posts"}],"about":[{"href":"https:\/\/kriocomics.com.br\/site\/wp-json\/wp\/v2\/types\/post"}],"author":[{"embeddable":true,"href":"https:\/\/kriocomics.com.br\/site\/wp-json\/wp\/v2\/users\/2"}],"replies":[{"embeddable":true,"href":"https:\/\/kriocomics.com.br\/site\/wp-json\/wp\/v2\/comments?post=4143"}],"version-history":[{"count":3,"href":"https:\/\/kriocomics.com.br\/site\/wp-json\/wp\/v2\/posts\/4143\/revisions"}],"predecessor-version":[{"id":4419,"href":"https:\/\/kriocomics.com.br\/site\/wp-json\/wp\/v2\/posts\/4143\/revisions\/4419"}],"wp:featuredmedia":[{"embeddable":true,"href":"https:\/\/kriocomics.com.br\/site\/wp-json\/wp\/v2\/media\/4144"}],"wp:attachment":[{"href":"https:\/\/kriocomics.com.br\/site\/wp-json\/wp\/v2\/media?parent=4143"}],"wp:term":[{"taxonomy":"category","embeddable":true,"href":"https:\/\/kriocomics.com.br\/site\/wp-json\/wp\/v2\/categories?post=4143"},{"taxonomy":"post_tag","embeddable":true,"href":"https:\/\/kriocomics.com.br\/site\/wp-json\/wp\/v2\/tags?post=4143"}],"curies":[{"name":"wp","href":"https:\/\/api.w.org\/{rel}","templated":true}]}}