{"id":5494,"date":"2019-08-16T23:14:02","date_gmt":"2019-08-17T02:14:02","guid":{"rendered":"https:\/\/kriocomics.com.br\/site\/?p=5494"},"modified":"2019-09-03T00:22:20","modified_gmt":"2019-09-03T03:22:20","slug":"vem-ai-o-selo-bast-focado-em-publicar-mulheres-e-minorias","status":"publish","type":"post","link":"https:\/\/kriocomics.com.br\/site\/vem-ai-o-selo-bast-focado-em-publicar-mulheres-e-minorias\/","title":{"rendered":"Vem a\u00ed o selo Bast!, focado em publicar mulheres e minorias"},"content":{"rendered":"<p style=\"text-align: justify;\"><img loading=\"lazy\" decoding=\"async\" class=\"size-full wp-image-5496 alignleft\" src=\"http:\/\/kriocomics.com.br\/site\/wp-content\/uploads\/2019\/08\/NavioDragaoBast.jpg\" alt=\"\" width=\"300\" height=\"242\">No \u00faltimo s\u00e1bado (10\/08), no evento&nbsp;<strong>SP Fant\u00e1stika<\/strong>, em S\u00e3o Paulo, foi anunciada a cria\u00e7\u00e3o do selo editorial&nbsp;<strong>Bast!<\/strong>, focado em publicar mulheres e minorias.<!--more--> E isso inclui quadrinhos. A iniciativa ser\u00e1 capitaneada pela jornalista Fl\u00e1via Gasi, a produtora gr\u00e1fica Nami Teruya e a roteirista Rebeca Puig.<\/p>\n<p style=\"text-align: justify;\">Ao&nbsp;<strong>Universo HQ<\/strong>, Fl\u00e1via Gasi e Rebeca Puig explicaram que o material da<strong>&nbsp;Bast!<\/strong>&nbsp;sair\u00e1 pela&nbsp;<strong>Jamb\u00f4 Editora<\/strong>: \u201cEla nos dar\u00e1 todo o apoio em termos operacionais, enquanto focamos na parte editorial. O selo nasceu do nosso amor n\u00e3o s\u00f3 por contar hist\u00f3rias, mas pela vontade de contar hist\u00f3rias diversas\u201d.<\/p>\n<p style=\"text-align: justify;\">A ideia \u00e9 focar a linha editorial em autores que fujam do padr\u00e3o normalmente encontrado em livrarias. \u201cAcreditamos que pol\u00edticas afirmativas de inclus\u00e3o s\u00e3o essenciais para que o universo liter\u00e1rio se torne cada vez mais forte e, tamb\u00e9m, mais interessante\u201d, enfatiza Rebeca Puig.<\/p>\n<p style=\"text-align: justify;\"><em>\u201cAinda h\u00e1 muita necessidade de dar voz a uma diversidade maior de autores. Os mercados&nbsp;geeks, em geral, mostram um crescimento de hist\u00f3rias diversas com o aumento de minorias em posi\u00e7\u00e3o de decis\u00e3o. Ou seja, \u00e9 preciso criar esses espa\u00e7os vindos de locais de minoria. A gente ama literatura, e queremos apoiar diversidade naquilo que amamos\u201d<\/em>, complementa Gasi.<\/p>\n<p style=\"text-align: justify;\">O primeiro lan\u00e7amento da&nbsp;<strong>Bast!<\/strong>&nbsp;ser\u00e1&nbsp;<em>Navio Drag\u00e3o<\/em>. Ser\u00e1 uma edi\u00e7\u00e3o revisada e ampliada da HQ independente da mineira Rebeca Prado em 2015. A obra trar\u00e1 o material j\u00e1 publicado da pequena, violenta e corajosa viking Lif, uma hist\u00f3ria in\u00e9dita e tamb\u00e9m novas tiras do seu c\u00e3ozinho companheiro, o Carne!<\/p>\n<p style=\"text-align: justify;\">A edi\u00e7\u00e3o ter\u00e1 aproximadamente 96 p\u00e1ginas e logo entrar\u00e1 em pr\u00e9-venda. O lan\u00e7amento deve acontecer na&nbsp;<strong>CCXP 2019<\/strong>. Este ano, Rebeca Prado (que tamb\u00e9m \u00e9 roteirista das revistas mensais da&nbsp;<em>Turma da M\u00f4nica<\/em>) ganhou o&nbsp;<strong>Trof\u00e9u Angelo Agostini<\/strong>&nbsp;de&nbsp;<em>Melhor fanzine<\/em>, por&nbsp;<em>Credo<\/em>&nbsp;<em>que del\u00edcia<\/em>.<\/p>\n<p style=\"text-align: justify;\">Segundo Fl\u00e1via Gasi, os primeiros lan\u00e7amentos da&nbsp;<strong>Bast!<\/strong>&nbsp;ter\u00e3o uma pr\u00e9-venda um m\u00eas antes da&nbsp;<strong>CCXP<\/strong>, para garantir que quem n\u00e3o for ao evento tenha a oportunidade de receber o seu exemplar em casa. As obras chegar\u00e3o a livrarias f\u00edsicas e estar\u00e3o \u00e0 venda&nbsp;<em>online<\/em>&nbsp;na loja da&nbsp;<strong>Jamb\u00f4<\/strong>&nbsp;e na&nbsp;<strong>Amazon<\/strong>.<\/p>\n<p>&nbsp;<\/p>\n<p><em>Por: Sidney Gusman<\/em><br \/>\n<em>Fonte: <strong><span style=\"color: #000080;\"><a style=\"color: #000080;\" href=\"http:\/\/www.universohq.com\" target=\"_blank\" rel=\"noopener noreferrer\">Universo HQ<\/a><\/span><\/strong><\/em><\/p>\n","protected":false},"excerpt":{"rendered":"<p>No \u00faltimo s\u00e1bado (10\/08), no evento&nbsp;SP Fant\u00e1stika, em S\u00e3o Paulo, foi anunciada a cria\u00e7\u00e3o do selo editorial&nbsp;Bast!, focado em publicar<\/p>\n","protected":false},"author":2,"featured_media":5495,"comment_status":"open","ping_status":"open","sticky":false,"template":"","format":"standard","meta":{"sfsi_plus_gutenberg_text_before_share":"","sfsi_plus_gutenberg_show_text_before_share":"","sfsi_plus_gutenberg_icon_type":"","sfsi_plus_gutenberg_icon_alignemt":"","sfsi_plus_gutenburg_max_per_row":"","footnotes":""},"categories":[5,1],"tags":[730,2269,320,2268,2270,1811],"class_list":["post-5494","post","type-post","status-publish","format-standard","has-post-thumbnail","hentry","category-noticias","category-ultimas-noticias","tag-amazon","tag-bast","tag-ccxp","tag-jambo-editora","tag-sp-fantastika","tag-universo-hq"],"_links":{"self":[{"href":"https:\/\/kriocomics.com.br\/site\/wp-json\/wp\/v2\/posts\/5494","targetHints":{"allow":["GET"]}}],"collection":[{"href":"https:\/\/kriocomics.com.br\/site\/wp-json\/wp\/v2\/posts"}],"about":[{"href":"https:\/\/kriocomics.com.br\/site\/wp-json\/wp\/v2\/types\/post"}],"author":[{"embeddable":true,"href":"https:\/\/kriocomics.com.br\/site\/wp-json\/wp\/v2\/users\/2"}],"replies":[{"embeddable":true,"href":"https:\/\/kriocomics.com.br\/site\/wp-json\/wp\/v2\/comments?post=5494"}],"version-history":[{"count":2,"href":"https:\/\/kriocomics.com.br\/site\/wp-json\/wp\/v2\/posts\/5494\/revisions"}],"predecessor-version":[{"id":5498,"href":"https:\/\/kriocomics.com.br\/site\/wp-json\/wp\/v2\/posts\/5494\/revisions\/5498"}],"wp:featuredmedia":[{"embeddable":true,"href":"https:\/\/kriocomics.com.br\/site\/wp-json\/wp\/v2\/media\/5495"}],"wp:attachment":[{"href":"https:\/\/kriocomics.com.br\/site\/wp-json\/wp\/v2\/media?parent=5494"}],"wp:term":[{"taxonomy":"category","embeddable":true,"href":"https:\/\/kriocomics.com.br\/site\/wp-json\/wp\/v2\/categories?post=5494"},{"taxonomy":"post_tag","embeddable":true,"href":"https:\/\/kriocomics.com.br\/site\/wp-json\/wp\/v2\/tags?post=5494"}],"curies":[{"name":"wp","href":"https:\/\/api.w.org\/{rel}","templated":true}]}}