{"id":7198,"date":"2019-10-18T09:18:27","date_gmt":"2019-10-18T12:18:27","guid":{"rendered":"https:\/\/kriocomics.com.br\/site\/?p=7198"},"modified":"2019-10-24T01:59:56","modified_gmt":"2019-10-24T04:59:56","slug":"rumos-itau-cultural-encerra-inscricoes-nesta-sexta-feira-dia-18","status":"publish","type":"post","link":"https:\/\/kriocomics.com.br\/site\/rumos-itau-cultural-encerra-inscricoes-nesta-sexta-feira-dia-18\/","title":{"rendered":"Rumos Ita\u00fa Cultural encerra inscri\u00e7\u00f5es nesta sexta-feira, dia 18"},"content":{"rendered":"<p style=\"text-align: justify;\">As inscri\u00e7\u00f5es para o programa Rumos Ita\u00fa Cultural 2019-2020 encerram \u00e0s 23h59 do dia 18 de outubro (sexta-feira), hor\u00e1rio de Bras\u00edlia. A participa\u00e7\u00e3o \u00e9 gratuita e deve ser efetuada exclusivamente pelo <strong><span style=\"color: #000080;\"><a style=\"color: #000080;\" href=\"http:\/\/www.rumositaucultural.org.br\" target=\"_blank\" rel=\"noopener noreferrer\">www.rumositaucultural.org.br<\/a><\/span><\/strong>.&nbsp; O resultado ser\u00e1 divulgado at\u00e9 dia 25 de maio de 2020 e comunicado aos contemplados por telefone ou e-mail. A rela\u00e7\u00e3o dos projetos ser\u00e1 divulgada pela imprensa e nos sites <strong><span style=\"color: #000080;\"><a style=\"color: #000080;\" href=\"http:\/\/www.itaucultural.org.br\" target=\"_blank\" rel=\"noopener noreferrer\">www.itaucultural.org.br<\/a><\/span><\/strong> e <strong><span style=\"color: #000080;\"><a style=\"color: #000080;\" href=\"http:\/\/www.rumositaucultural.org.br\" target=\"_blank\" rel=\"noopener noreferrer\">www.rumositaucultural.org.br<\/a><\/span><\/strong>.<\/p>\n<p style=\"text-align: justify;\">O modelo do Rumos segue aberto conforme as modifica\u00e7\u00f5es implementadas no programa em 2013 e com ferramentas de acessibilidade desde a edi\u00e7\u00e3o 2017-2018, a mais recente at\u00e9 aqui. Assim, podem ser inscritos projetos ou trabalhos sobre arte e cultura brasileiras em qualquer linguagem, apresentados ou desenvolvidos em qualquer tipo de suporte, formato, express\u00e3o art\u00edstica ou m\u00eddia. N\u00e3o h\u00e1 valor m\u00ednimo ou m\u00e1ximo para os projetos, a n\u00e3o ser para os proponentes que se inscreverem como pessoa f\u00edsica \u2013 novidade incorporada nesta edi\u00e7\u00e3o, que n\u00e3o permite a migra\u00e7\u00e3o para pessoa jur\u00eddica ap\u00f3s a inscri\u00e7\u00e3o.<\/p>\n<p>&nbsp;<\/p>\n<p><strong>SERVI\u00c7O:<\/strong><\/p>\n<p><strong>Inscri\u00e7\u00f5es para o programa Rumos Ita\u00fa Cultural 2019-2020<\/strong><\/p>\n<p>At\u00e9 18 de outubro<\/p>\n<p>Site: <strong><span style=\"color: #000080;\"><a style=\"color: #000080;\" href=\"http:\/\/www.rumositaucultural.org.br\" target=\"_blank\" rel=\"noopener noreferrer\">www.rumositaucultural.org.br<\/a><\/span><\/strong><\/p>\n<p>Resultado: <strong><span style=\"color: #000080;\"><a style=\"color: #000080;\" href=\"http:\/\/www.itaucultural.org.br\" target=\"_blank\" rel=\"noopener noreferrer\">www.itaucultural.org.br<\/a><\/span><\/strong> e <strong><span style=\"color: #000080;\"><a style=\"color: #000080;\" href=\"http:\/\/www.rumositaucultural.org.br\" target=\"_blank\" rel=\"noopener noreferrer\">www.rumositaucultural.org.br<\/a><\/span><\/strong><\/p>\n<p>&nbsp;<\/p>\n<p><em>Por: Carina Bordalo<\/em><\/p>\n","protected":false},"excerpt":{"rendered":"<p>As inscri\u00e7\u00f5es para o programa Rumos Ita\u00fa Cultural 2019-2020 encerram \u00e0s 23h59 do dia 18 de outubro (sexta-feira), hor\u00e1rio de<\/p>\n","protected":false},"author":2,"featured_media":7203,"comment_status":"open","ping_status":"open","sticky":false,"template":"","format":"standard","meta":{"sfsi_plus_gutenberg_text_before_share":"","sfsi_plus_gutenberg_show_text_before_share":"","sfsi_plus_gutenberg_icon_type":"","sfsi_plus_gutenberg_icon_alignemt":"","sfsi_plus_gutenburg_max_per_row":"","footnotes":""},"categories":[5,1],"tags":[385,2959],"class_list":["post-7198","post","type-post","status-publish","format-standard","has-post-thumbnail","hentry","category-noticias","category-ultimas-noticias","tag-itau-cultural","tag-rumos-itau-cultural"],"_links":{"self":[{"href":"https:\/\/kriocomics.com.br\/site\/wp-json\/wp\/v2\/posts\/7198","targetHints":{"allow":["GET"]}}],"collection":[{"href":"https:\/\/kriocomics.com.br\/site\/wp-json\/wp\/v2\/posts"}],"about":[{"href":"https:\/\/kriocomics.com.br\/site\/wp-json\/wp\/v2\/types\/post"}],"author":[{"embeddable":true,"href":"https:\/\/kriocomics.com.br\/site\/wp-json\/wp\/v2\/users\/2"}],"replies":[{"embeddable":true,"href":"https:\/\/kriocomics.com.br\/site\/wp-json\/wp\/v2\/comments?post=7198"}],"version-history":[{"count":3,"href":"https:\/\/kriocomics.com.br\/site\/wp-json\/wp\/v2\/posts\/7198\/revisions"}],"predecessor-version":[{"id":7205,"href":"https:\/\/kriocomics.com.br\/site\/wp-json\/wp\/v2\/posts\/7198\/revisions\/7205"}],"wp:featuredmedia":[{"embeddable":true,"href":"https:\/\/kriocomics.com.br\/site\/wp-json\/wp\/v2\/media\/7203"}],"wp:attachment":[{"href":"https:\/\/kriocomics.com.br\/site\/wp-json\/wp\/v2\/media?parent=7198"}],"wp:term":[{"taxonomy":"category","embeddable":true,"href":"https:\/\/kriocomics.com.br\/site\/wp-json\/wp\/v2\/categories?post=7198"},{"taxonomy":"post_tag","embeddable":true,"href":"https:\/\/kriocomics.com.br\/site\/wp-json\/wp\/v2\/tags?post=7198"}],"curies":[{"name":"wp","href":"https:\/\/api.w.org\/{rel}","templated":true}]}}