{"id":7629,"date":"2019-11-06T01:14:26","date_gmt":"2019-11-06T04:14:26","guid":{"rendered":"https:\/\/kriocomics.com.br\/site\/?p=7629"},"modified":"2019-11-22T00:30:46","modified_gmt":"2019-11-22T03:30:46","slug":"pipoca-nanquim-inaugura-selo-para-quadrinhos-nacionais-e-confirma-primeiros-titulos","status":"publish","type":"post","link":"https:\/\/kriocomics.com.br\/site\/pipoca-nanquim-inaugura-selo-para-quadrinhos-nacionais-e-confirma-primeiros-titulos\/","title":{"rendered":"Pipoca &#038; Nanquim inaugura selo para quadrinhos nacionais e confirma primeiros t\u00edtulos"},"content":{"rendered":"<p style=\"text-align: justify;\">A editora&nbsp;<strong>Pipoca &amp; Nanquim<\/strong>&nbsp;anunciou a cria\u00e7\u00e3o de um novo selo para publicar obras nacionais, batizado de&nbsp;<strong>Originais Pipoca &amp; Nanquim<\/strong>. A proposta \u00e9 trazer o melhor da literatura e dos quadrinhos produzidos no Brasil com um acabamento \u00e0 altura de seus autores e da expectativas dos f\u00e3s.<\/p>\n<p style=\"text-align: justify;\">Os primeiros quatro t\u00edtulos (dois quadrinhos e dois livros em prosa) e seus respectivos autores j\u00e1 foram confirmados, e&nbsp;<strong><span style=\"color: #000080;\"><a style=\"color: #000080;\" href=\"https:\/\/amzn.to\/2NAidCW\" target=\"_blank\" rel=\"noopener noreferrer\">est\u00e3o em pr\u00e9-venda na&nbsp;Amazon Brasil&nbsp;com desconto<\/a><\/span><\/strong>&nbsp;e frete gr\u00e1tis para usu\u00e1rios&nbsp;<strong>Prime<\/strong>.<\/p>\n<p style=\"text-align: justify;\">Todos ser\u00e3o lan\u00e7ados entre novembro e dezembro. Veja mais detalhes abaixo, e clique nos respectivos links para fazer sua reserva.<\/p>\n<p style=\"text-align: justify;\"><strong><span style=\"color: #000080;\"><a style=\"color: #000080;\" href=\"https:\/\/amzn.to\/324bSFm\" target=\"_blank\" rel=\"noopener noreferrer\"><em><img loading=\"lazy\" decoding=\"async\" class=\"size-full wp-image-7631 alignleft\" src=\"http:\/\/kriocomics.com.br\/site\/wp-content\/uploads\/2019\/11\/Roseira-Medalha-Engenho.jpg\" alt=\"\" width=\"300\" height=\"398\" srcset=\"https:\/\/kriocomics.com.br\/site\/wp-content\/uploads\/2019\/11\/Roseira-Medalha-Engenho.jpg 300w, https:\/\/kriocomics.com.br\/site\/wp-content\/uploads\/2019\/11\/Roseira-Medalha-Engenho-226x300.jpg 226w\" sizes=\"auto, (max-width: 300px) 100vw, 300px\" \/>Roseira, Medalha, Engenho e outras hist\u00f3rias<\/em><\/a><\/span><\/strong>&nbsp;(formato a ser confirmado, 224 p\u00e1ginas, capa dura, R$ 89,90), por Jefferson Costa.<\/p>\n<p style=\"text-align: justify;\">Baseado em lembran\u00e7as coletivas e individuais, na oralidade, e em contos e \u201ccausos\u201d que s\u00e3o passados de gera\u00e7\u00e3o em gera\u00e7\u00e3o,&nbsp;a obra \u00e9 um relato sobre a luta de pessoas reais vivendo uma vida duramente real. Acompanhe a trajet\u00f3ria de duas fam\u00edlias \u00e0s voltas com suas diferen\u00e7as, trag\u00e9dias e com\u00e9dias, sonhos e perspectivas, construindo a sua hist\u00f3ria no sert\u00e3o nordestino durante o movimento retirante da d\u00e9cada de 1970.<\/p>\n<p style=\"text-align: justify;\">Ao introduzir um Brasil bem diferente daquele que se v\u00ea nas \u00e1reas urbanas, permeado pelo canga\u00e7o e negligenciado pelos que det\u00eam mais privil\u00e9gios, este quadrinho pinta muitas das caracter\u00edsticas nordestinas tradicionais, como o folclore, os engenhos de cana de a\u00e7\u00facar, os \u201ccabras machos\u201d, a busca por rastros e pegadas de uma heran\u00e7a ancestral e as rela\u00e7\u00f5es humanas que se desenvolveram em torno da cultura que ali se estabeleceu.<\/p>\n<p>&nbsp;<\/p>\n<p style=\"text-align: justify;\"><strong><span style=\"color: #000080;\"><a style=\"color: #000080;\" href=\"https:\/\/amzn.to\/36nTbja\" target=\"_blank\" rel=\"noopener noreferrer\"><em><img loading=\"lazy\" decoding=\"async\" class=\"size-full wp-image-7632 alignleft\" src=\"http:\/\/kriocomics.com.br\/site\/wp-content\/uploads\/2019\/11\/Sob-o-Solo.jpg\" alt=\"\" width=\"300\" height=\"458\" srcset=\"https:\/\/kriocomics.com.br\/site\/wp-content\/uploads\/2019\/11\/Sob-o-Solo.jpg 300w, https:\/\/kriocomics.com.br\/site\/wp-content\/uploads\/2019\/11\/Sob-o-Solo-197x300.jpg 197w\" sizes=\"auto, (max-width: 300px) 100vw, 300px\" \/>Sob o solo<\/em><\/a><\/span><\/strong>&nbsp;(formato a ser confirmado, 104 p\u00e1ginas, capa dura, R$ 49,90), por Bianca Pinheiro e Greg Stella.<\/p>\n<p style=\"text-align: justify;\">Dois feridos. Um bunker. Uma guerra que poderia ser qualquer uma, acontecendo a qualquer momento e sendo travada em qualquer lugar.&nbsp;A hist\u00f3ria&nbsp;apresentar um tema espinhoso em um estilo art\u00edstico \u00edmpar, minimalista e cheio de sutilezas. Ap\u00f3s um ataque sofrido por sua unidade em campo de batalha, uma dupla de soldados se v\u00ea obrigada a refugiar-se em um esconderijo debaixo da terra para sobreviver.<\/p>\n<p style=\"text-align: justify;\">Enclausurados e com um deles gravemente ferido, a \u00fanica esperan\u00e7a dos dois \u00e9 utilizar um velho r\u00e1dio comunicador para chamar refor\u00e7os e serem, enfim, resgatados. Mas o tempo passa de maneira implac\u00e1vel e, diante da remota possibilidade de salva\u00e7\u00e3o, assombrada pela expectativa constante de ca\u00edrem nas garras do inimigo ou de morrerem esquecidos, paranoia, medo e frustra\u00e7\u00f5es se desenrolam conforme ambos v\u00e3o se conhecendo mais intimamente, deixando vir \u00e0 tona arrependimentos, derrotas e sonhos.<\/p>\n<p>&nbsp;<\/p>\n<p style=\"text-align: justify;\"><strong><span style=\"color: #000080;\"><a style=\"color: #000080;\" href=\"https:\/\/amzn.to\/2pxBUU7\" target=\"_blank\" rel=\"noopener noreferrer\"><em><img loading=\"lazy\" decoding=\"async\" class=\"size-full wp-image-7633 alignleft\" src=\"http:\/\/kriocomics.com.br\/site\/wp-content\/uploads\/2019\/11\/GastariaTudo-Com-Pizza.jpg\" alt=\"\" width=\"300\" height=\"433\" srcset=\"https:\/\/kriocomics.com.br\/site\/wp-content\/uploads\/2019\/11\/GastariaTudo-Com-Pizza.jpg 300w, https:\/\/kriocomics.com.br\/site\/wp-content\/uploads\/2019\/11\/GastariaTudo-Com-Pizza-208x300.jpg 208w\" sizes=\"auto, (max-width: 300px) 100vw, 300px\" \/>Gastaria tudo com pizza<\/em><\/a><\/span><\/strong>&nbsp;(formato 14 x 21 cm, 224 p\u00e1ginas, capa dura, R$ 49,90), por&nbsp;Pedro Duarte.<\/p>\n<p style=\"text-align: justify;\">Livro de fic\u00e7\u00e3o cient\u00edfica bem-humorada.&nbsp;Viagens temporais, aliens, outros planetas, personagens bizarros (que n\u00e3o s\u00e3o aliens), uma organiza\u00e7\u00e3o que planeja incurs\u00f5es no espa\u00e7o-tempo, muitas fatias de pizza e uma m\u00e1quina de escrever que abre portais. D\u00e1 para esperar de tudo neste livro. Cansado de sua mon\u00f3tona rotina, Bob \u2014 que se chama Bernardo, mas \u00e9 conhecido como Bob \u2014 poderia simplesmente largar o trabalho e, quem sabe, fazer planos para uma viagem longa que inclu\u00edsse uma ilha paradis\u00edaca. Abandonaria redes sociais, e-mails, compromissos e esqueceria at\u00e9 que rel\u00f3gios existem.<\/p>\n<p style=\"text-align: justify;\">Mas ele preferiu colocar a m\u00e3o na massa e construir um aparato que gera portais que lhe permitem viajar pelo tempo e espa\u00e7o. Disfar\u00e7ada sob a carca\u00e7a de uma inocente m\u00e1quina de escrever azul-beb\u00ea, essa parafern\u00e1lia absurda que Bob concebeu, e vem tentando fazer funcionar h\u00e1 oito anos, \u00e9 o seu passaporte da alegria, um meio de se livrar de uma exist\u00eancia repetitiva, mon\u00f3tona e sem prop\u00f3sito. Na verdade, a \u00fanica coisa de que ele provavelmente sentiria falta \u00e9 uma generosa fatia de pizza, se poss\u00edvel de atum, especialmente do restaurante do Waldir. Por\u00e9m, o universo n\u00e3o vai assistir aos planos de Bob sem intervir, o que far\u00e1 seu destino mudar total e irremediavelmente.<\/p>\n<p>&nbsp;<\/p>\n<p style=\"text-align: justify;\"><span style=\"color: #000080;\"><strong><a style=\"color: #000080;\" href=\"https:\/\/amzn.to\/2r5ozmr\" target=\"_blank\" rel=\"noopener noreferrer\"><em><img loading=\"lazy\" decoding=\"async\" class=\"size-full wp-image-7634 alignleft\" src=\"http:\/\/kriocomics.com.br\/site\/wp-content\/uploads\/2019\/11\/Floresta-das-Arvores-Retorcidas.jpg\" alt=\"\" width=\"300\" height=\"433\" srcset=\"https:\/\/kriocomics.com.br\/site\/wp-content\/uploads\/2019\/11\/Floresta-das-Arvores-Retorcidas.jpg 300w, https:\/\/kriocomics.com.br\/site\/wp-content\/uploads\/2019\/11\/Floresta-das-Arvores-Retorcidas-208x300.jpg 208w\" sizes=\"auto, (max-width: 300px) 100vw, 300px\" \/>A floresta das \u00e1rvores retorcidas<\/em><\/a><\/strong><\/span>&nbsp;(formato a ser confirmado, 420 p\u00e1ginas, capa dura, R$ 69,90), por Alexandre Callari.<\/p>\n<p style=\"text-align: justify;\">Neste livro de horror c\u00f3smico, Alexandre Callari se apropria dos&nbsp;<em>Mitos de Cthulhu<\/em>, do cultuado H.P. Lovecraft, e os introduz em um contexto brasileiro na d\u00e9cada de 1990, para criar um universo de ambientes h\u00edbridos, com esp\u00edritos, evoca\u00e7\u00f5es, rituais m\u00edsticos, ra\u00e7as perdidas e seres inimagin\u00e1veis. Repleto de refer\u00eancias \u00e0 cultura pop e ao mundo do terror em particular, o livro presta homenagem aos antigos&nbsp;<em>pulps<\/em>&nbsp;e ao maior expoente de terror que eles produziram.<\/p>\n<p style=\"text-align: justify;\">Ap\u00f3s um conturbado div\u00f3rcio, Adam decide tirar um per\u00edodo sab\u00e1tico e se afastar de tudo e de todos que conhece, buscando ref\u00fagio em uma pitoresca cidade do interior paulista, onde a estranheza parece ser a norma vigente. L\u00e1, ele logo \u00e9 jogado em uma trama de bizarros acontecimentos que envolvem n\u00e3o s\u00f3 toda a popula\u00e7\u00e3o, como tamb\u00e9m criaturas apocal\u00edpticas de outra dimens\u00e3o. Ilustra\u00e7\u00f5es de Doug Firmino.<\/p>\n<p>&nbsp;<\/p>\n<p><em>Por: Samir Naliato<\/em><br \/>\n<em>Fonte: <strong><span style=\"color: #000080;\"><a style=\"color: #000080;\" href=\"http:\/\/www.universohq.com\/\" target=\"_blank\" rel=\"noopener noreferrer\">Universo HQ<\/a><\/span><\/strong><\/em><\/p>\n<p>&nbsp;<\/p>\n","protected":false},"excerpt":{"rendered":"<p>A editora&nbsp;Pipoca &amp; Nanquim&nbsp;anunciou a cria\u00e7\u00e3o de um novo selo para publicar obras nacionais, batizado de&nbsp;Originais Pipoca &amp; Nanquim. A<\/p>\n","protected":false},"author":2,"featured_media":7630,"comment_status":"open","ping_status":"open","sticky":false,"template":"","format":"standard","meta":{"sfsi_plus_gutenberg_text_before_share":"","sfsi_plus_gutenberg_show_text_before_share":"","sfsi_plus_gutenberg_icon_type":"","sfsi_plus_gutenberg_icon_alignemt":"","sfsi_plus_gutenburg_max_per_row":"","footnotes":""},"categories":[5,1],"tags":[3142,3143],"class_list":["post-7629","post","type-post","status-publish","format-standard","has-post-thumbnail","hentry","category-noticias","category-ultimas-noticias","tag-originais-pipoca-nanquim","tag-pipoca-nanquim"],"_links":{"self":[{"href":"https:\/\/kriocomics.com.br\/site\/wp-json\/wp\/v2\/posts\/7629","targetHints":{"allow":["GET"]}}],"collection":[{"href":"https:\/\/kriocomics.com.br\/site\/wp-json\/wp\/v2\/posts"}],"about":[{"href":"https:\/\/kriocomics.com.br\/site\/wp-json\/wp\/v2\/types\/post"}],"author":[{"embeddable":true,"href":"https:\/\/kriocomics.com.br\/site\/wp-json\/wp\/v2\/users\/2"}],"replies":[{"embeddable":true,"href":"https:\/\/kriocomics.com.br\/site\/wp-json\/wp\/v2\/comments?post=7629"}],"version-history":[{"count":3,"href":"https:\/\/kriocomics.com.br\/site\/wp-json\/wp\/v2\/posts\/7629\/revisions"}],"predecessor-version":[{"id":7637,"href":"https:\/\/kriocomics.com.br\/site\/wp-json\/wp\/v2\/posts\/7629\/revisions\/7637"}],"wp:featuredmedia":[{"embeddable":true,"href":"https:\/\/kriocomics.com.br\/site\/wp-json\/wp\/v2\/media\/7630"}],"wp:attachment":[{"href":"https:\/\/kriocomics.com.br\/site\/wp-json\/wp\/v2\/media?parent=7629"}],"wp:term":[{"taxonomy":"category","embeddable":true,"href":"https:\/\/kriocomics.com.br\/site\/wp-json\/wp\/v2\/categories?post=7629"},{"taxonomy":"post_tag","embeddable":true,"href":"https:\/\/kriocomics.com.br\/site\/wp-json\/wp\/v2\/tags?post=7629"}],"curies":[{"name":"wp","href":"https:\/\/api.w.org\/{rel}","templated":true}]}}