{"id":9109,"date":"2020-01-29T00:57:56","date_gmt":"2020-01-29T03:57:56","guid":{"rendered":"https:\/\/kriocomics.com.br\/site\/?p=9109"},"modified":"2020-02-13T01:53:34","modified_gmt":"2020-02-13T04:53:34","slug":"aqc-esp-comemora-o-dia-do-quadrinho-nacional","status":"publish","type":"post","link":"https:\/\/kriocomics.com.br\/site\/aqc-esp-comemora-o-dia-do-quadrinho-nacional\/","title":{"rendered":"AQC-ESP comemora o Dia do Quadrinho Nacional"},"content":{"rendered":"<p style=\"text-align: justify;\">A AQC-ESP \u2013 Associa\u00e7\u00e3o dos Quadrinhistas e Caricaturistas do Estado de S\u00e3o Paulo \u2013 comemora o Dia do Quadrinho Nacional com duas atividades e locais diferentes este ano de 2020.<!--more--><\/p>\n<p><strong>Exposi\u00e7\u00e3o 150+1 ano de Quadrinhos Brasileiros em 150 tiras<\/strong><\/p>\n<p style=\"text-align: justify;\">Exposi\u00e7\u00e3o j\u00e1 realizada em 1\u00ba Novembro de 2019 em comemora\u00e7\u00e3o aos 150 anos de Nh\u00f4 Quim de \u00c2ngelo Agostini, a primeira hist\u00f3ria em Quadrinhos do Brasil no Memorial da Am\u00e9rica Latina, agora ser\u00e1 realizada na Biblioteca P\u00fablica Municipal Professor Ernesto Manoel Zink em Campinas de 30 de janeiro a 29 de fevereiro, parte das comemora\u00e7\u00f5es intensas do Dia do Quadrinho Nacional.<\/p>\n<p><strong>Exposi\u00e7\u00e3o e bate-papo \u2018Quadrinhos Infantis Brasileiros\u2019<\/strong><\/p>\n<p style=\"text-align: justify;\">Um pouco da hist\u00f3ria dos quadrinhos brasileiros apresentado com originais, prints e gibis de publica\u00e7\u00f5es nacionais editoriais e independentes. A Exposi\u00e7\u00e3o acontecer\u00e1 do dia 30 de janeiro ao dia 10 de fevereiro de 2020 das 9h \u00e0s 18hs na Biblioteca Latino-Americana Victor Civita no Memorial da Am\u00e9rica Latina em S\u00e3o Paulo (SP).<\/p>\n<p style=\"text-align: justify;\">A Abertura oficial acontecer\u00e1 no dia 1\u00ba de fevereiro das 10hs \u00e0s 14hs, com bate-papo \u00e0s 11 horas com a presen\u00e7a dos artistas Cesar Sandoval (Turma do Arrepio e Trpalh\u00f5es), Marco Cortez (Seninha), Denise Ortega (Roteirista Sitio do Pica pau amarelo e menino Maluquinho), R\u00e9gis Rocha (Her\u00f3i) e Jal (MSP).<\/p>\n<p style=\"text-align: justify;\">A Curadoria da exposi\u00e7\u00e3o \u00e9 de Henrique Heo, com organiza\u00e7\u00e3o geral de Marcos Venceslau e Henrique Heo. Colabora\u00e7\u00e3o de Alexandre Silva, Bira Dantas, Gazy Andraus, Fabio Tatsub\u00f4, Fernanda \u00c1vila, Flavio Mota e da equipe de organiza\u00e7\u00e3o de eventos da AQC-ESP \/ Trof\u00e9u Angelo Agostini.<\/p>\n<p style=\"text-align: justify;\">A AQC-ESP Associa\u00e7\u00e3o dos Quadrinhistas e Caricaturistas do Estado de S\u00e3o Paulo \u00e9 uma associa\u00e7\u00e3o fundada em 1984 que re\u00fane os profissionais que trabalham com hist\u00f3rias em quadrinhos e humor gr\u00e1fico. Dia criado pela pr\u00f3pria associa\u00e7\u00e3o em fun\u00e7\u00e3o do dia da primeira hist\u00f3ria em quadrinhos com personagem fixo sequencia de \u00c2ngelo Agostini.<\/p>\n<p>&nbsp;<\/p>\n<p><em>Por: Renato Lebeau<\/em><br \/>\n<em>Fonte: <strong><span style=\"color: #000080;\"><a style=\"color: #000080;\" href=\"http:\/\/impulsohq.com\" target=\"_blank\" rel=\"noopener noreferrer\">Impulso HQ<\/a><\/span><\/strong><\/em><\/p>\n<p>&nbsp;<\/p>\n","protected":false},"excerpt":{"rendered":"<p>A AQC-ESP \u2013 Associa\u00e7\u00e3o dos Quadrinhistas e Caricaturistas do Estado de S\u00e3o Paulo \u2013 comemora o Dia do Quadrinho Nacional<\/p>\n","protected":false},"author":2,"featured_media":9112,"comment_status":"open","ping_status":"open","sticky":false,"template":"","format":"standard","meta":{"sfsi_plus_gutenberg_text_before_share":"","sfsi_plus_gutenberg_show_text_before_share":"","sfsi_plus_gutenberg_icon_type":"","sfsi_plus_gutenberg_icon_alignemt":"","sfsi_plus_gutenburg_max_per_row":"","footnotes":""},"categories":[5,1],"tags":[3793,3794],"class_list":["post-9109","post","type-post","status-publish","format-standard","has-post-thumbnail","hentry","category-noticias","category-ultimas-noticias","tag-aqc-esp-associacao-dos-quadrinhistas-e-caricaturistas-do-estado-de-sao-paulo","tag-exposicao-1501-ano-de-quadrinhos-brasileiros-em-150-tiras"],"_links":{"self":[{"href":"https:\/\/kriocomics.com.br\/site\/wp-json\/wp\/v2\/posts\/9109","targetHints":{"allow":["GET"]}}],"collection":[{"href":"https:\/\/kriocomics.com.br\/site\/wp-json\/wp\/v2\/posts"}],"about":[{"href":"https:\/\/kriocomics.com.br\/site\/wp-json\/wp\/v2\/types\/post"}],"author":[{"embeddable":true,"href":"https:\/\/kriocomics.com.br\/site\/wp-json\/wp\/v2\/users\/2"}],"replies":[{"embeddable":true,"href":"https:\/\/kriocomics.com.br\/site\/wp-json\/wp\/v2\/comments?post=9109"}],"version-history":[{"count":3,"href":"https:\/\/kriocomics.com.br\/site\/wp-json\/wp\/v2\/posts\/9109\/revisions"}],"predecessor-version":[{"id":9114,"href":"https:\/\/kriocomics.com.br\/site\/wp-json\/wp\/v2\/posts\/9109\/revisions\/9114"}],"wp:featuredmedia":[{"embeddable":true,"href":"https:\/\/kriocomics.com.br\/site\/wp-json\/wp\/v2\/media\/9112"}],"wp:attachment":[{"href":"https:\/\/kriocomics.com.br\/site\/wp-json\/wp\/v2\/media?parent=9109"}],"wp:term":[{"taxonomy":"category","embeddable":true,"href":"https:\/\/kriocomics.com.br\/site\/wp-json\/wp\/v2\/categories?post=9109"},{"taxonomy":"post_tag","embeddable":true,"href":"https:\/\/kriocomics.com.br\/site\/wp-json\/wp\/v2\/tags?post=9109"}],"curies":[{"name":"wp","href":"https:\/\/api.w.org\/{rel}","templated":true}]}}