{"id":9909,"date":"2020-03-14T03:12:13","date_gmt":"2020-03-14T06:12:13","guid":{"rendered":"https:\/\/kriocomics.com.br\/site\/?p=9909"},"modified":"2020-04-03T20:11:38","modified_gmt":"2020-04-03T23:11:38","slug":"perifacon-2020-e-adiada-para-junho-por-causa-do-covid-19","status":"publish","type":"post","link":"https:\/\/kriocomics.com.br\/site\/perifacon-2020-e-adiada-para-junho-por-causa-do-covid-19\/","title":{"rendered":"PerifaCon 2020 \u00e9 adiada para junho por causa do COVID-19"},"content":{"rendered":"<p style=\"text-align: center;\"><em>Evento aconteceria originalmente nos dias 11 e 12 de abril<\/em><\/p>\n<p style=\"text-align: justify;\">A organiza\u00e7\u00e3o da\u00a0<strong>PerifaCon\u00a0<\/strong>anunciou que a edi\u00e7\u00e3o de 2020 do evento foi oficialmente adiado de abril para os dias\u00a0<strong>6 e 7 junho deste ano<\/strong>\u00a0por conta da pandemia do\u00a0<strong>COVID-19<\/strong>, conhecido como coronav\u00edrus. Em uma nota oficial, a produ\u00e7\u00e3o do evento afirmou que os clientes que foram convidados a participar das atividades da PerifaCon ser\u00e3o contatados para \u201c<em>confirmar a disponibilidade para as novas datas<\/em>\u201d \u2013 veja o an\u00fancio abaixo:<\/p>\n<p>&nbsp;<\/p>\n<p><img loading=\"lazy\" decoding=\"async\" class=\"size-full wp-image-9910 aligncenter\" src=\"https:\/\/kriocomics.com.br\/site\/wp-content\/uploads\/2020\/03\/PerifaCon.jpg\" alt=\"\" width=\"461\" height=\"444\" srcset=\"https:\/\/kriocomics.com.br\/site\/wp-content\/uploads\/2020\/03\/PerifaCon.jpg 461w, https:\/\/kriocomics.com.br\/site\/wp-content\/uploads\/2020\/03\/PerifaCon-300x289.jpg 300w\" sizes=\"auto, (max-width: 461px) 100vw, 461px\" \/><\/p>\n<p>&nbsp;<\/p>\n<p style=\"text-align: justify;\">Os organizadores ainda informaram que os clientes que efetuaram a compra de ingressos pelo site Eventbrite receber\u00e3o orienta\u00e7\u00f5es por e-mail da pr\u00f3pria plataforma.<\/p>\n<p style=\"text-align: justify;\">A PerifaCon \u00e9 uma iniciativa de amantes de quadrinhos, livros, desenhos e cultura pop em geral, que cresceram nas periferias de S\u00e3o Paulo. O evento tem como objetivo levar para a periferia esse universo que historicamente \u00e9 negligenciado nessa tem\u00e1tica al\u00e9m de fomentar o consumo da cultura pop, nerd &amp; geek contribuindo para a quebra de barreiras culturais promovendo o acesso de marcas e produtores \u00e0 periferia e vice-versa.<\/p>\n<p style=\"text-align: justify;\">A busca por patroc\u00ednios e arrecada\u00e7\u00e3o coletiva para manter a equipe trabalhando no projeto \u00e9 permanente. As contribui\u00e7\u00f5es podem ser feitas atrav\u00e9s do site\u00a0<strong><span style=\"color: #000080;\"><a style=\"color: #000080;\" href=\"https:\/\/benfeitoria.com\/vaiperifacon\" target=\"_blank\" rel=\"nofollow noopener noreferrer\"><em>Benfeitoria<\/em><\/a><\/span><\/strong>.<\/p>\n<p style=\"text-align: justify;\"><strong>Efeito Coronav\u00edrus na cultura pop<\/strong><\/p>\n<p style=\"text-align: justify;\">O COVID-19 \u00e9 uma nova muta\u00e7\u00e3o da fam\u00edlia coronav\u00edrus que est\u00e1 se espalhando em ritmo alarmante desde dezembro de 2019. A China foi o primeiro pa\u00eds v\u00edtima da epidemia, com infec\u00e7\u00f5es e mortes confirmadas em todas as suas prov\u00edncias. Desde ent\u00e3o, a presen\u00e7a do v\u00edrus foi confirmada em quatro continentes &#8211; incluindo a Am\u00e9rica do Sul, com casos no Brasil, Argentina e Chile.<\/p>\n<p style=\"text-align: justify;\">Filmes como\u00a0<em>Pedro Coelho 2, 007 &#8211; Sem Tempo Para Morrer\u00a0<\/em>e\u00a0<em>Um Lugar Silencioso &#8211; Parte II<\/em>\u00a0tiveram suas estreias adiadas por causa do surto.<\/p>\n<p>&nbsp;<\/p>\n<p><em>Por: Nicolaos Gar\u00f3falo<\/em><br \/>\n<em>Fonte: <strong><span style=\"color: #000080;\"><a style=\"color: #000080;\" href=\"https:\/\/www.omelete.com.br\/\" target=\"_blank\" rel=\"noopener noreferrer\">Omelete<\/a><\/span><\/strong><\/em><\/p>\n","protected":false},"excerpt":{"rendered":"<p>Evento aconteceria originalmente nos dias 11 e 12 de abril A organiza\u00e7\u00e3o da\u00a0PerifaCon\u00a0anunciou que a edi\u00e7\u00e3o de 2020 do evento<\/p>\n","protected":false},"author":2,"featured_media":9911,"comment_status":"open","ping_status":"open","sticky":false,"template":"","format":"standard","meta":{"sfsi_plus_gutenberg_text_before_share":"","sfsi_plus_gutenberg_show_text_before_share":"","sfsi_plus_gutenberg_icon_type":"","sfsi_plus_gutenberg_icon_alignemt":"","sfsi_plus_gutenburg_max_per_row":"","footnotes":""},"categories":[5,1],"tags":[4115],"class_list":["post-9909","post","type-post","status-publish","format-standard","has-post-thumbnail","hentry","category-noticias","category-ultimas-noticias","tag-perifacon-2020"],"_links":{"self":[{"href":"https:\/\/kriocomics.com.br\/site\/wp-json\/wp\/v2\/posts\/9909","targetHints":{"allow":["GET"]}}],"collection":[{"href":"https:\/\/kriocomics.com.br\/site\/wp-json\/wp\/v2\/posts"}],"about":[{"href":"https:\/\/kriocomics.com.br\/site\/wp-json\/wp\/v2\/types\/post"}],"author":[{"embeddable":true,"href":"https:\/\/kriocomics.com.br\/site\/wp-json\/wp\/v2\/users\/2"}],"replies":[{"embeddable":true,"href":"https:\/\/kriocomics.com.br\/site\/wp-json\/wp\/v2\/comments?post=9909"}],"version-history":[{"count":2,"href":"https:\/\/kriocomics.com.br\/site\/wp-json\/wp\/v2\/posts\/9909\/revisions"}],"predecessor-version":[{"id":10057,"href":"https:\/\/kriocomics.com.br\/site\/wp-json\/wp\/v2\/posts\/9909\/revisions\/10057"}],"wp:featuredmedia":[{"embeddable":true,"href":"https:\/\/kriocomics.com.br\/site\/wp-json\/wp\/v2\/media\/9911"}],"wp:attachment":[{"href":"https:\/\/kriocomics.com.br\/site\/wp-json\/wp\/v2\/media?parent=9909"}],"wp:term":[{"taxonomy":"category","embeddable":true,"href":"https:\/\/kriocomics.com.br\/site\/wp-json\/wp\/v2\/categories?post=9909"},{"taxonomy":"post_tag","embeddable":true,"href":"https:\/\/kriocomics.com.br\/site\/wp-json\/wp\/v2\/tags?post=9909"}],"curies":[{"name":"wp","href":"https:\/\/api.w.org\/{rel}","templated":true}]}}